{"id":177277,"date":"2019-10-31T12:00:50","date_gmt":"2019-10-31T10:00:50","guid":{"rendered":"https:\/\/sana.sy\/en\/?p=177277"},"modified":"2019-10-31T12:00:50","modified_gmt":"2019-10-31T10:00:50","slug":"czech-demands-stopping-turkish-aggression-against-syrian-territory","status":"publish","type":"post","link":"https:\/\/archive.sana.sy\/en\/?p=177277","title":{"rendered":"Czech demands stopping Turkish aggression against Syrian territory"},"content":{"rendered":"<p>Prague, SANA- Chairman of the Committee for European Affairs at the Czech Chamber of Deputies Ond\u0159ej Bene\u0161\u00edk called upon the European Union to \u00a0exert \u00a0pressure on the Turkish regime to stop its blatant aggression on the Syrian territories \u00a0and to withdrew its occupational forces from it.<\/p>\n<p>Bene\u0161\u00edk said in a statement to the Czech news agency that &#8220;The EU must effectively move to stop the aggression,&#8221; underlining the need to respect the International law which prevents the attacks on the sovereignty of states.<\/p>\n<p>Yara Ismail\/ Ruaa al-Jazaeri<\/p>\n","protected":false},"excerpt":{"rendered":"<p>Prague, SANA- Chairman of the Committee for European Affairs at the Czech Chamber of Deputies Ond\u0159ej Bene\u0161\u00edk called upon the European Union to \u00a0exert \u00a0pressure on the Turkish regime to stop its blatant aggression on the Syrian territories \u00a0and to withdrew its occupational forces from it. Bene\u0161\u00edk said in a statement to the Czech news &hellip;<\/p>\n","protected":false},"author":1,"featured_media":177278,"comment_status":"closed","ping_status":"closed","sticky":false,"template":"","format":"standard","meta":{"footnotes":""},"categories":[3,6987],"tags":[],"class_list":["post-177277","post","type-post","status-publish","format-standard","has-post-thumbnail","","category-arabic-international","category-latest-news"],"_links":{"self":[{"href":"https:\/\/archive.sana.sy\/en\/index.php?rest_route=\/wp\/v2\/posts\/177277"}],"collection":[{"href":"https:\/\/archive.sana.sy\/en\/index.php?rest_route=\/wp\/v2\/posts"}],"about":[{"href":"https:\/\/archive.sana.sy\/en\/index.php?rest_route=\/wp\/v2\/types\/post"}],"author":[{"embeddable":true,"href":"https:\/\/archive.sana.sy\/en\/index.php?rest_route=\/wp\/v2\/users\/1"}],"replies":[{"embeddable":true,"href":"https:\/\/archive.sana.sy\/en\/index.php?rest_route=%2Fwp%2Fv2%2Fcomments&post=177277"}],"version-history":[{"count":0,"href":"https:\/\/archive.sana.sy\/en\/index.php?rest_route=\/wp\/v2\/posts\/177277\/revisions"}],"wp:featuredmedia":[{"embeddable":true,"href":"https:\/\/archive.sana.sy\/en\/index.php?rest_route=\/wp\/v2\/media\/177278"}],"wp:attachment":[{"href":"https:\/\/archive.sana.sy\/en\/index.php?rest_route=%2Fwp%2Fv2%2Fmedia&parent=177277"}],"wp:term":[{"taxonomy":"category","embeddable":true,"href":"https:\/\/archive.sana.sy\/en\/index.php?rest_route=%2Fwp%2Fv2%2Fcategories&post=177277"},{"taxonomy":"post_tag","embeddable":true,"href":"https:\/\/archive.sana.sy\/en\/index.php?rest_route=%2Fwp%2Fv2%2Ftags&post=177277"}],"curies":[{"name":"wp","href":"https:\/\/api.w.org\/{rel}","templated":true}]}}