{"id":343626,"date":"2025-01-08T09:59:21","date_gmt":"2025-01-08T06:59:21","guid":{"rendered":"https:\/\/sana.sy\/en\/?p=343626"},"modified":"2025-01-08T09:59:21","modified_gmt":"2025-01-08T06:59:21","slug":"acting-minister-of-health-discusses-health-situation-in-syria-with-turkish-deputy-minister-of-health","status":"publish","type":"post","link":"https:\/\/archive.sana.sy\/en\/?p=343626","title":{"rendered":"Acting Minister of Health discusses health situation in Syria with Turkish Deputy Minister of Health"},"content":{"rendered":"<p style=\"text-align: justify;\">Damascus, SANA-The Acting Minister of Health, Dr. Maher Al-Sharaa, met with Turkish Deputy Minister of Health, H\u00fcseyin K\u00fcr\u015fat K\u0131rb\u0131y\u0131k, to discuss the health situation in Syria.<\/p>\n<p style=\"text-align: justify;\">During a meeting held at the ministry building on Tuesday, Dr. Al-Sharaa underlined the importance of strengthening relations and exchanging medical expertise to support the medical sectors in both countries.<\/p>\n<p style=\"text-align: justify;\">Ruaa al-Jazaeri<\/p>\n","protected":false},"excerpt":{"rendered":"<p>Damascus, SANA-The Acting Minister of Health, Dr. Maher Al-Sharaa, met with Turkish Deputy Minister of Health, H\u00fcseyin K\u00fcr\u015fat K\u0131rb\u0131y\u0131k, to discuss the health situation in Syria. During a meeting held at the ministry building on Tuesday, Dr. Al-Sharaa underlined the importance of strengthening relations and exchanging medical expertise to support the medical sectors in both &hellip;<\/p>\n","protected":false},"author":61,"featured_media":343627,"comment_status":"closed","ping_status":"closed","sticky":false,"template":"","format":"standard","meta":{"footnotes":""},"categories":[12,6987,23],"tags":[],"class_list":["post-343626","post","type-post","status-publish","format-standard","has-post-thumbnail","","category-health-environment","category-latest-news","category-news-bar"],"_links":{"self":[{"href":"https:\/\/archive.sana.sy\/en\/index.php?rest_route=\/wp\/v2\/posts\/343626"}],"collection":[{"href":"https:\/\/archive.sana.sy\/en\/index.php?rest_route=\/wp\/v2\/posts"}],"about":[{"href":"https:\/\/archive.sana.sy\/en\/index.php?rest_route=\/wp\/v2\/types\/post"}],"author":[{"embeddable":true,"href":"https:\/\/archive.sana.sy\/en\/index.php?rest_route=\/wp\/v2\/users\/61"}],"replies":[{"embeddable":true,"href":"https:\/\/archive.sana.sy\/en\/index.php?rest_route=%2Fwp%2Fv2%2Fcomments&post=343626"}],"version-history":[{"count":1,"href":"https:\/\/archive.sana.sy\/en\/index.php?rest_route=\/wp\/v2\/posts\/343626\/revisions"}],"predecessor-version":[{"id":343628,"href":"https:\/\/archive.sana.sy\/en\/index.php?rest_route=\/wp\/v2\/posts\/343626\/revisions\/343628"}],"wp:featuredmedia":[{"embeddable":true,"href":"https:\/\/archive.sana.sy\/en\/index.php?rest_route=\/wp\/v2\/media\/343627"}],"wp:attachment":[{"href":"https:\/\/archive.sana.sy\/en\/index.php?rest_route=%2Fwp%2Fv2%2Fmedia&parent=343626"}],"wp:term":[{"taxonomy":"category","embeddable":true,"href":"https:\/\/archive.sana.sy\/en\/index.php?rest_route=%2Fwp%2Fv2%2Fcategories&post=343626"},{"taxonomy":"post_tag","embeddable":true,"href":"https:\/\/archive.sana.sy\/en\/index.php?rest_route=%2Fwp%2Fv2%2Ftags&post=343626"}],"curies":[{"name":"wp","href":"https:\/\/api.w.org\/{rel}","templated":true}]}}