{"id":346958,"date":"2025-02-15T11:39:16","date_gmt":"2025-02-15T08:39:16","guid":{"rendered":"https:\/\/sana.sy\/en\/?p=346958"},"modified":"2025-02-15T11:39:16","modified_gmt":"2025-02-15T08:39:16","slug":"syrian-turkish-discussions-to-activate-goods-transport-agreements-between-them","status":"publish","type":"post","link":"https:\/\/archive.sana.sy\/en\/?p=346958","title":{"rendered":"Syrian-Turkish discussions to activate goods transport agreements between them"},"content":{"rendered":"<p style=\"text-align: justify;\">Damascus, SANA- Deputy Minister of Transport, Muhammad Rahhal, held a virtual meeting via Zoom with his counterpart in the Turkish Ministry of Transport and Infrastructure, Durmu\u015f \u00dcn\u00fcvar, to discuss activating freight transport agreements between the two countries.<\/p>\n<p style=\"text-align: justify;\">During the meeting, which was attended by specialists from both sides, it was agreed to begin work to prepare an agreement that serves the sector&#8217;s interests in each of the two States.<\/p>\n<p style=\"text-align: justify;\">Fedaa<\/p>\n","protected":false},"excerpt":{"rendered":"<p>Damascus, SANA- Deputy Minister of Transport, Muhammad Rahhal, held a virtual meeting via Zoom with his counterpart in the Turkish Ministry of Transport and Infrastructure, Durmu\u015f \u00dcn\u00fcvar, to discuss activating freight transport agreements between the two countries. During the meeting, which was attended by specialists from both sides, it was agreed to begin work to &hellip;<\/p>\n","protected":false},"author":64,"featured_media":346959,"comment_status":"closed","ping_status":"closed","sticky":false,"template":"","format":"standard","meta":{"footnotes":""},"categories":[122,6987,23],"tags":[30730,30729,30731],"class_list":["post-346958","post","type-post","status-publish","format-standard","has-post-thumbnail","","category-money-and-work","category-latest-news","category-news-bar","tag-deputy-minister-of-transport","tag-durmus-unuvar","tag-muhammad-rahhal"],"_links":{"self":[{"href":"https:\/\/archive.sana.sy\/en\/index.php?rest_route=\/wp\/v2\/posts\/346958"}],"collection":[{"href":"https:\/\/archive.sana.sy\/en\/index.php?rest_route=\/wp\/v2\/posts"}],"about":[{"href":"https:\/\/archive.sana.sy\/en\/index.php?rest_route=\/wp\/v2\/types\/post"}],"author":[{"embeddable":true,"href":"https:\/\/archive.sana.sy\/en\/index.php?rest_route=\/wp\/v2\/users\/64"}],"replies":[{"embeddable":true,"href":"https:\/\/archive.sana.sy\/en\/index.php?rest_route=%2Fwp%2Fv2%2Fcomments&post=346958"}],"version-history":[{"count":1,"href":"https:\/\/archive.sana.sy\/en\/index.php?rest_route=\/wp\/v2\/posts\/346958\/revisions"}],"predecessor-version":[{"id":346960,"href":"https:\/\/archive.sana.sy\/en\/index.php?rest_route=\/wp\/v2\/posts\/346958\/revisions\/346960"}],"wp:featuredmedia":[{"embeddable":true,"href":"https:\/\/archive.sana.sy\/en\/index.php?rest_route=\/wp\/v2\/media\/346959"}],"wp:attachment":[{"href":"https:\/\/archive.sana.sy\/en\/index.php?rest_route=%2Fwp%2Fv2%2Fmedia&parent=346958"}],"wp:term":[{"taxonomy":"category","embeddable":true,"href":"https:\/\/archive.sana.sy\/en\/index.php?rest_route=%2Fwp%2Fv2%2Fcategories&post=346958"},{"taxonomy":"post_tag","embeddable":true,"href":"https:\/\/archive.sana.sy\/en\/index.php?rest_route=%2Fwp%2Fv2%2Ftags&post=346958"}],"curies":[{"name":"wp","href":"https:\/\/api.w.org\/{rel}","templated":true}]}}