{"id":362238,"date":"2025-07-01T20:57:52","date_gmt":"2025-07-01T17:57:52","guid":{"rendered":"https:\/\/sana.sy\/en\/?p=362238"},"modified":"2025-07-01T20:57:52","modified_gmt":"2025-07-01T17:57:52","slug":"turkey-lifting-a-large-part-of-us-sanctions-on-syria-is-positive-development","status":"publish","type":"post","link":"https:\/\/archive.sana.sy\/en\/?p=362238","title":{"rendered":"Turkey: Lifting a Large Part of US Sanctions on Syria is Positive Development"},"content":{"rendered":"<p style=\"text-align: justify;\">Ankara, SANA- Turkish Foreign Ministry affirmed Tuesday that the lifting of a large portion of US sanctions imposed on Syria is a positive development.<\/p>\n<p style=\"text-align: justify;\">Anadolu Agency quoted Turkish Foreign Ministry Spokesperson \u00d6nc\u00fc Ke\u00e7ali as saying that the ministry welcomed the &#8220;strong will&#8221; of the US government to normalize relations with Syria.<\/p>\n<p style=\"text-align: justify;\">Ke\u00e7ali, in a post on X, stressed that Turkey continues its contribution to the reconstruction of Syria through the public and private sectors, in cooperation with regional and international parties.<\/p>\n<p style=\"text-align: justify;\">Yesterday, US President Donald Trump signed an executive order ending the sanctions program imposed on Syria.<\/p>\n<p style=\"text-align: justify;\">Mazen Eyon<\/p>\n","protected":false},"excerpt":{"rendered":"<p>Ankara, SANA- Turkish Foreign Ministry affirmed Tuesday that the lifting of a large portion of US sanctions imposed on Syria is a positive development. Anadolu Agency quoted Turkish Foreign Ministry Spokesperson \u00d6nc\u00fc Ke\u00e7ali as saying that the ministry welcomed the &#8220;strong will&#8221; of the US government to normalize relations with Syria. Ke\u00e7ali, in a post &hellip;<\/p>\n","protected":false},"author":25,"featured_media":362239,"comment_status":"closed","ping_status":"closed","sticky":false,"template":"","format":"standard","meta":{"footnotes":""},"categories":[6987,23,106],"tags":[],"class_list":["post-362238","post","type-post","status-publish","format-standard","has-post-thumbnail","","category-latest-news","category-news-bar","category-syria-and-the-world"],"_links":{"self":[{"href":"https:\/\/archive.sana.sy\/en\/index.php?rest_route=\/wp\/v2\/posts\/362238"}],"collection":[{"href":"https:\/\/archive.sana.sy\/en\/index.php?rest_route=\/wp\/v2\/posts"}],"about":[{"href":"https:\/\/archive.sana.sy\/en\/index.php?rest_route=\/wp\/v2\/types\/post"}],"author":[{"embeddable":true,"href":"https:\/\/archive.sana.sy\/en\/index.php?rest_route=\/wp\/v2\/users\/25"}],"replies":[{"embeddable":true,"href":"https:\/\/archive.sana.sy\/en\/index.php?rest_route=%2Fwp%2Fv2%2Fcomments&post=362238"}],"version-history":[{"count":1,"href":"https:\/\/archive.sana.sy\/en\/index.php?rest_route=\/wp\/v2\/posts\/362238\/revisions"}],"predecessor-version":[{"id":362240,"href":"https:\/\/archive.sana.sy\/en\/index.php?rest_route=\/wp\/v2\/posts\/362238\/revisions\/362240"}],"wp:featuredmedia":[{"embeddable":true,"href":"https:\/\/archive.sana.sy\/en\/index.php?rest_route=\/wp\/v2\/media\/362239"}],"wp:attachment":[{"href":"https:\/\/archive.sana.sy\/en\/index.php?rest_route=%2Fwp%2Fv2%2Fmedia&parent=362238"}],"wp:term":[{"taxonomy":"category","embeddable":true,"href":"https:\/\/archive.sana.sy\/en\/index.php?rest_route=%2Fwp%2Fv2%2Fcategories&post=362238"},{"taxonomy":"post_tag","embeddable":true,"href":"https:\/\/archive.sana.sy\/en\/index.php?rest_route=%2Fwp%2Fv2%2Ftags&post=362238"}],"curies":[{"name":"wp","href":"https:\/\/api.w.org\/{rel}","templated":true}]}}