{"id":100150,"date":"2019-02-10T18:15:47","date_gmt":"2019-02-10T16:15:47","guid":{"rendered":"https:\/\/www.sana.sy\/es\/?p=100150"},"modified":"2019-02-10T18:43:20","modified_gmt":"2019-02-10T16:43:20","slug":"color-y-musica-nuevo-lenguaje-para-comunicarse-con-ninos-con-paralisis-cerebral","status":"publish","type":"post","link":"https:\/\/archive.sana.sy\/es\/?p=100150","title":{"rendered":"Color y m\u00fasica, nuevo lenguaje para comunicarse con ni\u00f1os con par\u00e1lisis cerebral"},"content":{"rendered":"<p><span style=\"color: #800000;\">Damasco, SANA<\/span><\/p>\n<p><iframe loading=\"lazy\" title=\"\u0627\u0644\u0644\u0648\u0646 \u0648\u0627\u0644\u0645\u0648\u0633\u064a\u0642\u0627 \u0644\u063a\u0629 \u062c\u062f\u064a\u062f\u0629 \u0644\u0644\u062a\u0648\u0627\u0635\u0644 \u0645\u0639 \u0627\u0644\u0627\u0637\u0641\u0627\u0644 \u0627\u0644\u0645\u0635\u0627\u0628\u064a\u0646 \u0628\u0627\u0644\u0634\u0644\u0644 \u0627\u0644\u062f\u0645\u0627\u063a\u064a\" width=\"618\" height=\"348\" src=\"https:\/\/www.youtube.com\/embed\/8amCXTEcrUY?feature=oembed\" frameborder=\"0\" allow=\"accelerometer; autoplay; clipboard-write; encrypted-media; gyroscope; picture-in-picture; web-share\" referrerpolicy=\"strict-origin-when-cross-origin\" allowfullscreen><\/iframe><\/p>\n<p><span style=\"color: #0000ff;\">E. Dubian<\/span><\/p>\n","protected":false},"excerpt":{"rendered":"<p>Damasco, SANA E. Dubian<\/p>\n","protected":false},"author":32,"featured_media":100151,"comment_status":"closed","ping_status":"closed","sticky":false,"template":"","format":"standard","meta":{"footnotes":""},"categories":[624],"tags":[14322],"class_list":["post-100150","post","type-post","status-publish","format-standard","has-post-thumbnail","","category-video-sana","tag-color-y-musica-nuevo-lenguaje-para-comunicarse-con-ninos-con-paralisis-cerebral"],"_links":{"self":[{"href":"https:\/\/archive.sana.sy\/es\/index.php?rest_route=\/wp\/v2\/posts\/100150"}],"collection":[{"href":"https:\/\/archive.sana.sy\/es\/index.php?rest_route=\/wp\/v2\/posts"}],"about":[{"href":"https:\/\/archive.sana.sy\/es\/index.php?rest_route=\/wp\/v2\/types\/post"}],"author":[{"embeddable":true,"href":"https:\/\/archive.sana.sy\/es\/index.php?rest_route=\/wp\/v2\/users\/32"}],"replies":[{"embeddable":true,"href":"https:\/\/archive.sana.sy\/es\/index.php?rest_route=%2Fwp%2Fv2%2Fcomments&post=100150"}],"version-history":[{"count":0,"href":"https:\/\/archive.sana.sy\/es\/index.php?rest_route=\/wp\/v2\/posts\/100150\/revisions"}],"wp:featuredmedia":[{"embeddable":true,"href":"https:\/\/archive.sana.sy\/es\/index.php?rest_route=\/wp\/v2\/media\/100151"}],"wp:attachment":[{"href":"https:\/\/archive.sana.sy\/es\/index.php?rest_route=%2Fwp%2Fv2%2Fmedia&parent=100150"}],"wp:term":[{"taxonomy":"category","embeddable":true,"href":"https:\/\/archive.sana.sy\/es\/index.php?rest_route=%2Fwp%2Fv2%2Fcategories&post=100150"},{"taxonomy":"post_tag","embeddable":true,"href":"https:\/\/archive.sana.sy\/es\/index.php?rest_route=%2Fwp%2Fv2%2Ftags&post=100150"}],"curies":[{"name":"wp","href":"https:\/\/api.w.org\/{rel}","templated":true}]}}