{"id":100160,"date":"2019-02-10T20:57:50","date_gmt":"2019-02-10T18:57:50","guid":{"rendered":"https:\/\/www.sana.sy\/es\/?p=100160"},"modified":"2019-08-21T22:42:07","modified_gmt":"2019-08-21T19:42:07","slug":"el-presidente-al-assad-emite-la-ley-n-4-que-modifica-algunos-articulos-de-la-ley-de-estatuto-personal","status":"publish","type":"post","link":"https:\/\/archive.sana.sy\/es\/?p=100160","title":{"rendered":"Presidente Al-Assad decreta enmiendas a la Ley de Estatuto Personal"},"content":{"rendered":"<p style=\"text-align: justify;\"><span style=\"color: #800000;\">Damasco, SANA<\/span><\/p>\n<p style=\"text-align: justify;\">El presidente Bashar Al-Assad, emiti\u00f3 la ley No. 4 del a\u00f1o 2019, que estipula enmiendas a algunos art\u00edculos de la Ley de Estatuto Personal del a\u00f1o 1953.<\/p>\n<p style=\"text-align: justify;\">Las enmiendas fueron aprobadas recientemente en la Asamblea del Pueblo tras intensos debates.<\/p>\n<p style=\"text-align: justify;\">Entre las enmiendas aprobadas elevar la edad de matrimonio a 18 a\u00f1os, adem\u00e1s de otras enmiendas que eran necesarias debido a los cambios demogr\u00e1ficos que surgieron durante los ocho a\u00f1os de crisis y guerra impuesta.<\/p>\n<p style=\"text-align: justify;\"><span style=\"color: #0000ff;\">F. Marouf\/ Riad Sh.<\/span><\/p>\n","protected":false},"excerpt":{"rendered":"<p>Damasco, SANA El presidente Bashar Al-Assad, emiti\u00f3 la ley No. 4 del a\u00f1o 2019, que estipula enmiendas a algunos art\u00edculos de la Ley de Estatuto Personal del a\u00f1o 1953. Las enmiendas fueron aprobadas recientemente en la Asamblea del Pueblo tras intensos debates. Entre las enmiendas aprobadas elevar la edad de matrimonio a 18 a\u00f1os, adem\u00e1s &hellip;<\/p>\n","protected":false},"author":32,"featured_media":100162,"comment_status":"closed","ping_status":"closed","sticky":false,"template":"","format":"standard","meta":{"footnotes":""},"categories":[597,617,583],"tags":[14327],"class_list":["post-100160","post","type-post","status-publish","format-standard","has-post-thumbnail","","category-cinta-de-noticias","category-decretos-y-leyes","category-slide","tag-presidente-al-assad-decreta-enmiendas-a-la-ley-de-estatuto-personal"],"_links":{"self":[{"href":"https:\/\/archive.sana.sy\/es\/index.php?rest_route=\/wp\/v2\/posts\/100160"}],"collection":[{"href":"https:\/\/archive.sana.sy\/es\/index.php?rest_route=\/wp\/v2\/posts"}],"about":[{"href":"https:\/\/archive.sana.sy\/es\/index.php?rest_route=\/wp\/v2\/types\/post"}],"author":[{"embeddable":true,"href":"https:\/\/archive.sana.sy\/es\/index.php?rest_route=\/wp\/v2\/users\/32"}],"replies":[{"embeddable":true,"href":"https:\/\/archive.sana.sy\/es\/index.php?rest_route=%2Fwp%2Fv2%2Fcomments&post=100160"}],"version-history":[{"count":0,"href":"https:\/\/archive.sana.sy\/es\/index.php?rest_route=\/wp\/v2\/posts\/100160\/revisions"}],"wp:featuredmedia":[{"embeddable":true,"href":"https:\/\/archive.sana.sy\/es\/index.php?rest_route=\/wp\/v2\/media\/100162"}],"wp:attachment":[{"href":"https:\/\/archive.sana.sy\/es\/index.php?rest_route=%2Fwp%2Fv2%2Fmedia&parent=100160"}],"wp:term":[{"taxonomy":"category","embeddable":true,"href":"https:\/\/archive.sana.sy\/es\/index.php?rest_route=%2Fwp%2Fv2%2Fcategories&post=100160"},{"taxonomy":"post_tag","embeddable":true,"href":"https:\/\/archive.sana.sy\/es\/index.php?rest_route=%2Fwp%2Fv2%2Ftags&post=100160"}],"curies":[{"name":"wp","href":"https:\/\/api.w.org\/{rel}","templated":true}]}}