{"id":100175,"date":"2019-02-10T21:17:31","date_gmt":"2019-02-10T19:17:31","guid":{"rendered":"https:\/\/www.sana.sy\/es\/?p=100175"},"modified":"2019-02-10T21:24:37","modified_gmt":"2019-02-10T19:24:37","slug":"sirios-desplazados-del-campamento-de-rukban-viven-en-condiciones-catastroficas","status":"publish","type":"post","link":"https:\/\/archive.sana.sy\/es\/?p=100175","title":{"rendered":"Sirios desplazados del campamento de Rukban viven en condiciones catastr\u00f3ficas"},"content":{"rendered":"<p style=\"text-align: justify;\"><span style=\"color: #800000;\">Damasco-SANA<\/span><\/p>\n<p style=\"text-align: justify;\">Miles de sirios de desplazados que residen en el campamento de Rakban (sitiado en la regi\u00f3n de Tanaf, en la frontera sirio-jordana), y fueron obligados a abandonar sus hogares debido al terrorismo, viven en circunstancias dif\u00edciles que equiparan al de una cat\u00e1strofe humanitaria, a la vista de las fuerzas de ocupaci\u00f3n estadounidense que controlan ilegalmente las afueras del campamento, impiden la entrega de ayudas humanitarias a sus residentes.<\/p>\n<p style=\"text-align: justify;\">Seg\u00fan el Programa Mundial de Alimentos, los desplazados viven en un ambiente des\u00e9rtico, en tiendas de campa\u00f1as construidas de pl\u00e1stico o f\u00e1brica o fango hecho que complica m\u00e1s a\u00fan la situaci\u00f3n humanitaria de los desplazados.<\/p>\n<p style=\"text-align: justify;\">El gobierno sirio en colaboraci\u00f3n con la Media Luna Roja Siria envi\u00f3 hace unos d\u00edas un convoy de ayudas humanitarias compuesto por 133 camiones que estaban cargados de alimentos, medicamentos, harina, y vestuarios, adem\u00e1s de vacunas.<\/p>\n<p style=\"text-align: justify;\">A pesar de ello, la situaci\u00f3n en el campamento es muy dif\u00edcil, seg\u00fan indica la portavoz de PMA en Siria Marwa Awad.<\/p>\n<p style=\"text-align: justify;\">En este sentido explic\u00f3 que los civiles que residen en el campamento est\u00e1n agotados y sufren de una situaci\u00f3n miserable.<\/p>\n<p style=\"text-align: justify;\"><span style=\"color: #0000ff;\">Y.K.<\/span><\/p>\n","protected":false},"excerpt":{"rendered":"<p>Damasco-SANA Miles de sirios de desplazados que residen en el campamento de Rakban (sitiado en la regi\u00f3n de Tanaf, en la frontera sirio-jordana), y fueron obligados a abandonar sus hogares debido al terrorismo, viven en circunstancias dif\u00edciles que equiparan al de una cat\u00e1strofe humanitaria, a la vista de las fuerzas de ocupaci\u00f3n estadounidense que controlan &hellip;<\/p>\n","protected":false},"author":1,"featured_media":100176,"comment_status":"closed","ping_status":"closed","sticky":false,"template":"","format":"standard","meta":{"footnotes":""},"categories":[476,7541],"tags":[],"class_list":["post-100175","post","type-post","status-publish","format-standard","has-post-thumbnail","","category-locales","category-ultimas-noticias"],"_links":{"self":[{"href":"https:\/\/archive.sana.sy\/es\/index.php?rest_route=\/wp\/v2\/posts\/100175"}],"collection":[{"href":"https:\/\/archive.sana.sy\/es\/index.php?rest_route=\/wp\/v2\/posts"}],"about":[{"href":"https:\/\/archive.sana.sy\/es\/index.php?rest_route=\/wp\/v2\/types\/post"}],"author":[{"embeddable":true,"href":"https:\/\/archive.sana.sy\/es\/index.php?rest_route=\/wp\/v2\/users\/1"}],"replies":[{"embeddable":true,"href":"https:\/\/archive.sana.sy\/es\/index.php?rest_route=%2Fwp%2Fv2%2Fcomments&post=100175"}],"version-history":[{"count":0,"href":"https:\/\/archive.sana.sy\/es\/index.php?rest_route=\/wp\/v2\/posts\/100175\/revisions"}],"wp:featuredmedia":[{"embeddable":true,"href":"https:\/\/archive.sana.sy\/es\/index.php?rest_route=\/wp\/v2\/media\/100176"}],"wp:attachment":[{"href":"https:\/\/archive.sana.sy\/es\/index.php?rest_route=%2Fwp%2Fv2%2Fmedia&parent=100175"}],"wp:term":[{"taxonomy":"category","embeddable":true,"href":"https:\/\/archive.sana.sy\/es\/index.php?rest_route=%2Fwp%2Fv2%2Fcategories&post=100175"},{"taxonomy":"post_tag","embeddable":true,"href":"https:\/\/archive.sana.sy\/es\/index.php?rest_route=%2Fwp%2Fv2%2Ftags&post=100175"}],"curies":[{"name":"wp","href":"https:\/\/api.w.org\/{rel}","templated":true}]}}