{"id":100191,"date":"2019-02-11T09:31:53","date_gmt":"2019-02-11T07:31:53","guid":{"rendered":"https:\/\/www.sana.sy\/es\/?p=100191"},"modified":"2019-02-11T13:40:17","modified_gmt":"2019-02-11T11:40:17","slug":"aprueban-proyecto-por-un-valor-de-14-millones-de-dolares-para-embellecer-el-centro-de-alepo","status":"publish","type":"post","link":"https:\/\/archive.sana.sy\/es\/?p=100191","title":{"rendered":"Aprueban proyecto por un valor de 14 millones de d\u00f3lares para embellecer el centro de Alepo"},"content":{"rendered":"<p style=\"text-align: justify;\"><span style=\"color: #800000;\">Alepo, SANA<\/span><\/p>\n<p style=\"text-align: justify;\">La Gobernaci\u00f3n de Alepo aprob\u00f3 los estudios ejecutivos para iniciar el proyecto de mejorar y embellecer el centro de la ciudad de Alepo.<\/p>\n<p style=\"text-align: justify;\">La ejecuci\u00f3n del proyecto iniciar\u00e1 durante los pr\u00f3ximos d\u00edas y abarcar\u00e1 la rehabilitaci\u00f3n de plazas, calles e infraestructura sobre un \u00e1rea de 30 hect\u00e1reas, y tiene un valor superior a seis mil millones de libras sirias (equivalente a 14 millones de d\u00f3lares).<\/p>\n<p style=\"text-align: justify;\">El responsable de Asuntos T\u00e9cnicos en el Ayuntamiento de Alepo, Shadi Sharaf El-Din, dijo que el proyecto se extiende desde la emblem\u00e1tica plaza de Sadallah al-Jabri hasta la antigua Puerta de Antioqu\u00eda, e incluye la rehabilitaci\u00f3n de la muralla antigua de la ciudad y otros monumentos arqueol\u00f3gicos e hist\u00f3ricos.<\/p>\n<p style=\"text-align: justify;\">&#8220;En cooperaci\u00f3n con la C\u00e1mara de Comercio de Alepo, ser\u00e1 rehabilitado el mercado central &#8220;Hal&#8221; de frutas y verduras, que cuenta con m\u00e1s de 179 tiendas, adem\u00e1s de rehabilitar y construir cafeter\u00edas y restaurantes populares y levantar parques de diversi\u00f3n para ni\u00f1os y adultos&#8221;, concluy\u00f3 Sharaf El-Din.<\/p>\n<p style=\"text-align: justify;\"><span style=\"color: #0000ff;\">F. Marouf\/ Ammar H.<\/span><\/p>\n","protected":false},"excerpt":{"rendered":"<p>Alepo, SANA La Gobernaci\u00f3n de Alepo aprob\u00f3 los estudios ejecutivos para iniciar el proyecto de mejorar y embellecer el centro de la ciudad de Alepo. La ejecuci\u00f3n del proyecto iniciar\u00e1 durante los pr\u00f3ximos d\u00edas y abarcar\u00e1 la rehabilitaci\u00f3n de plazas, calles e infraestructura sobre un \u00e1rea de 30 hect\u00e1reas, y tiene un valor superior a &hellip;<\/p>\n","protected":false},"author":30,"featured_media":100192,"comment_status":"closed","ping_status":"closed","sticky":false,"template":"","format":"standard","meta":{"footnotes":""},"categories":[597,476,7541],"tags":[14329],"class_list":["post-100191","post","type-post","status-publish","format-standard","has-post-thumbnail","","category-cinta-de-noticias","category-locales","category-ultimas-noticias","tag-aprueban-proyecto-por-un-valor-de-14-millones-de-dolares-para-embellecer-el-centro-de-alepo"],"_links":{"self":[{"href":"https:\/\/archive.sana.sy\/es\/index.php?rest_route=\/wp\/v2\/posts\/100191"}],"collection":[{"href":"https:\/\/archive.sana.sy\/es\/index.php?rest_route=\/wp\/v2\/posts"}],"about":[{"href":"https:\/\/archive.sana.sy\/es\/index.php?rest_route=\/wp\/v2\/types\/post"}],"author":[{"embeddable":true,"href":"https:\/\/archive.sana.sy\/es\/index.php?rest_route=\/wp\/v2\/users\/30"}],"replies":[{"embeddable":true,"href":"https:\/\/archive.sana.sy\/es\/index.php?rest_route=%2Fwp%2Fv2%2Fcomments&post=100191"}],"version-history":[{"count":0,"href":"https:\/\/archive.sana.sy\/es\/index.php?rest_route=\/wp\/v2\/posts\/100191\/revisions"}],"wp:featuredmedia":[{"embeddable":true,"href":"https:\/\/archive.sana.sy\/es\/index.php?rest_route=\/wp\/v2\/media\/100192"}],"wp:attachment":[{"href":"https:\/\/archive.sana.sy\/es\/index.php?rest_route=%2Fwp%2Fv2%2Fmedia&parent=100191"}],"wp:term":[{"taxonomy":"category","embeddable":true,"href":"https:\/\/archive.sana.sy\/es\/index.php?rest_route=%2Fwp%2Fv2%2Fcategories&post=100191"},{"taxonomy":"post_tag","embeddable":true,"href":"https:\/\/archive.sana.sy\/es\/index.php?rest_route=%2Fwp%2Fv2%2Ftags&post=100191"}],"curies":[{"name":"wp","href":"https:\/\/api.w.org\/{rel}","templated":true}]}}