{"id":100317,"date":"2019-02-12T19:50:28","date_gmt":"2019-02-12T17:50:28","guid":{"rendered":"https:\/\/www.sana.sy\/es\/?p=100317"},"modified":"2019-02-13T13:22:27","modified_gmt":"2019-02-13T11:22:27","slug":"siria-denuncia-ante-la-onu-nueva-masacre-de-la-coalicion-internacional-contra-el-pueblo-de-al-baghuz-en-deir-ezzor","status":"publish","type":"post","link":"https:\/\/archive.sana.sy\/es\/?p=100317","title":{"rendered":"Damasco tacha de cr\u00edmenes de guerra y de lesa humanidad a bombardeos de la coalici\u00f3n contra su territorio"},"content":{"rendered":"<p style=\"text-align: justify;\"><span style=\"color: #800000;\">Damasco, SANA<\/span><\/p>\n<p style=\"text-align: justify;\">El Ministerio de Exteriores y Expatriados envi\u00f3 un mensaje al Secretario General de la ONU y al presidente del Consejo de Seguridad sobre la masacre cometida por la \u201cCoalici\u00f3n Internacional\u201d contra un campamento de civiles en el pueblo de Baghuz en el campo oriental de la provincia de Deir Ezzor, y que caus\u00f3 70 muertos o heridos, entre ellos mujeres y ni\u00f1os.<\/p>\n<p style=\"text-align: justify;\">&#8220;Esa masacre fue cometida 24 horas despu\u00e9s de otro bombardeo a\u00e9reo de la Coalici\u00f3n contra el mismo pueblo y que cobr\u00f3 la vida de 24 civiles, entre ellos siete ni\u00f1os&#8221;, explic\u00f3 el texto de la misiva.<\/p>\n<p style=\"text-align: justify;\">Canciller\u00eda siria calific\u00f3 esas masacres como cr\u00edmenes de guerra y de lesa humanidad, y denunci\u00f3 el continuo apoyo de la coalici\u00f3n al terrorismo.<\/p>\n<p style=\"text-align: justify;\">&#8220;La coalici\u00f3n sigue utilizando a los terroristas y las milicias separatistas al servicio de sus planes hostiles contra de la soberan\u00eda, la unidad y la seguridad de Siria&#8221;, a\u00f1adi\u00f3.<\/p>\n<p style=\"text-align: justify;\">La misiva reitera la exigencia de Siria al Consejo de Seguridad para que detenga esos cr\u00edmenes y agresiones, y asuma sus responsabilidades en preservar la seguridad y la paz internacionales, y que inicie una investigaci\u00f3n internacional sobre estos cr\u00edmenes e impida que se repitan.<\/p>\n<p style=\"text-align: justify;\">Por \u00faltimo, Canciller\u00eda siria inst\u00f3 al CS que ponga fin a la presencia ilegal de las tropas estadounidenses y for\u00e1neas en el territorio sirio.<\/p>\n<p style=\"text-align: justify;\"><span style=\"color: #0000ff;\">Lynn A.\/ F. Marouf\/ E. Dubian<\/span><\/p>\n","protected":false},"excerpt":{"rendered":"<p>Damasco, SANA El Ministerio de Exteriores y Expatriados envi\u00f3 un mensaje al Secretario General de la ONU y al presidente del Consejo de Seguridad sobre la masacre cometida por la \u201cCoalici\u00f3n Internacional\u201d contra un campamento de civiles en el pueblo de Baghuz en el campo oriental de la provincia de Deir Ezzor, y que caus\u00f3 &hellip;<\/p>\n","protected":false},"author":24,"featured_media":100318,"comment_status":"closed","ping_status":"closed","sticky":false,"template":"","format":"standard","meta":{"footnotes":""},"categories":[597,476,7541],"tags":[14355],"class_list":["post-100317","post","type-post","status-publish","format-standard","has-post-thumbnail","","category-cinta-de-noticias","category-locales","category-ultimas-noticias","tag-damasco-tacha-de-crimenes-de-guerra-y-de-lesa-humanidad-a-bombardeos-de-la-coalicion-contra-su-territorio"],"_links":{"self":[{"href":"https:\/\/archive.sana.sy\/es\/index.php?rest_route=\/wp\/v2\/posts\/100317"}],"collection":[{"href":"https:\/\/archive.sana.sy\/es\/index.php?rest_route=\/wp\/v2\/posts"}],"about":[{"href":"https:\/\/archive.sana.sy\/es\/index.php?rest_route=\/wp\/v2\/types\/post"}],"author":[{"embeddable":true,"href":"https:\/\/archive.sana.sy\/es\/index.php?rest_route=\/wp\/v2\/users\/24"}],"replies":[{"embeddable":true,"href":"https:\/\/archive.sana.sy\/es\/index.php?rest_route=%2Fwp%2Fv2%2Fcomments&post=100317"}],"version-history":[{"count":0,"href":"https:\/\/archive.sana.sy\/es\/index.php?rest_route=\/wp\/v2\/posts\/100317\/revisions"}],"wp:featuredmedia":[{"embeddable":true,"href":"https:\/\/archive.sana.sy\/es\/index.php?rest_route=\/wp\/v2\/media\/100318"}],"wp:attachment":[{"href":"https:\/\/archive.sana.sy\/es\/index.php?rest_route=%2Fwp%2Fv2%2Fmedia&parent=100317"}],"wp:term":[{"taxonomy":"category","embeddable":true,"href":"https:\/\/archive.sana.sy\/es\/index.php?rest_route=%2Fwp%2Fv2%2Fcategories&post=100317"},{"taxonomy":"post_tag","embeddable":true,"href":"https:\/\/archive.sana.sy\/es\/index.php?rest_route=%2Fwp%2Fv2%2Ftags&post=100317"}],"curies":[{"name":"wp","href":"https:\/\/api.w.org\/{rel}","templated":true}]}}