{"id":100322,"date":"2019-02-12T19:40:43","date_gmt":"2019-02-12T17:40:43","guid":{"rendered":"https:\/\/www.sana.sy\/es\/?p=100322"},"modified":"2019-02-13T10:39:38","modified_gmt":"2019-02-13T08:39:38","slug":"liberan-a-personas-secuestradas-por-los-terroristas-de-una-localidad-del-campo-de-alepo","status":"publish","type":"post","link":"https:\/\/archive.sana.sy\/es\/?p=100322","title":{"rendered":"Ej\u00e9rcito libera a 20 civiles que estaban secuestrados por terroristas en Alepo"},"content":{"rendered":"<p style=\"text-align: justify;\"><span style=\"color: #800000;\">Alepo, SANA<\/span><\/p>\n<p style=\"text-align: justify;\">El Ej\u00e9rcito sirio logr\u00f3 la liberaci\u00f3n de una veintena civiles que hab\u00edan sido secuestrados por los grupos terroristas, en la provincia de Alepo, en el norte del pa\u00eds.<\/p>\n<p style=\"text-align: justify;\">En un comunicado, una fuente del Ministerio de Defensa inform\u00f3 que las personas liberadas son del poblado de Deir Qaq, situado en el campo este de Alepo.<\/p>\n<p style=\"text-align: justify;\">Los liberados agradecieron al Ej\u00e9rcito sirio por sus sacrificios y su empe\u00f1o por liberarlos y devolverlos a sus familias.<\/p>\n<p style=\"text-align: justify;\">Comentaron que los terroristas allanaron sus casas y saquearon sus bienes, y luego les condujeron a un paradero desconocido, donde fueron sometidos a torturas de todo tipo durante todo el periodo de su secuestro.<\/p>\n<p style=\"text-align: justify;\">El 24 del pasado mes de noviembre, 10 secuestrados por terroristas en el campo este de Alepo, entre ellos una mujer, hab\u00edan sido liberados.<\/p>\n<p style=\"text-align: justify;\">El Gobierno sirio ha priorizado el tema de los secuestrados y se logr\u00f3 durante los \u00faltimos meses liberar a varios grupos de personas secuestrados por los terroristas.<\/p>\n<div id='gallery-1' class='gallery galleryid-100322 gallery-columns-3 gallery-size-thumbnail'><figure class='gallery-item'>\n\t\t\t<div class='gallery-icon landscape'>\n\t\t\t\t<a href='https:\/\/archive.sana.sy\/es\/wp-content\/uploads\/2019\/02\/DSC_0341.jpg'><img loading=\"lazy\" decoding=\"async\" width=\"150\" height=\"100\" src=\"https:\/\/archive.sana.sy\/es\/wp-content\/uploads\/2019\/02\/DSC_0341-150x100.jpg\" class=\"attachment-thumbnail size-thumbnail\" alt=\"\" srcset=\"https:\/\/archive.sana.sy\/es\/wp-content\/uploads\/2019\/02\/DSC_0341-150x100.jpg 150w, https:\/\/archive.sana.sy\/es\/wp-content\/uploads\/2019\/02\/DSC_0341-300x200.jpg 300w, https:\/\/archive.sana.sy\/es\/wp-content\/uploads\/2019\/02\/DSC_0341-768x512.jpg 768w, https:\/\/archive.sana.sy\/es\/wp-content\/uploads\/2019\/02\/DSC_0341-1024x683.jpg 1024w, https:\/\/archive.sana.sy\/es\/wp-content\/uploads\/2019\/02\/DSC_0341-310x205.jpg 310w\" sizes=\"(max-width: 150px) 100vw, 150px\" \/><\/a>\n\t\t\t<\/div><\/figure><figure class='gallery-item'>\n\t\t\t<div class='gallery-icon landscape'>\n\t\t\t\t<a href='https:\/\/archive.sana.sy\/es\/wp-content\/uploads\/2019\/02\/DSC_0458.jpg'><img loading=\"lazy\" decoding=\"async\" width=\"150\" height=\"100\" src=\"https:\/\/archive.sana.sy\/es\/wp-content\/uploads\/2019\/02\/DSC_0458-150x100.jpg\" class=\"attachment-thumbnail size-thumbnail\" alt=\"\" srcset=\"https:\/\/archive.sana.sy\/es\/wp-content\/uploads\/2019\/02\/DSC_0458-150x100.jpg 150w, https:\/\/archive.sana.sy\/es\/wp-content\/uploads\/2019\/02\/DSC_0458-300x200.jpg 300w, https:\/\/archive.sana.sy\/es\/wp-content\/uploads\/2019\/02\/DSC_0458-768x512.jpg 768w, https:\/\/archive.sana.sy\/es\/wp-content\/uploads\/2019\/02\/DSC_0458-1024x683.jpg 1024w, https:\/\/archive.sana.sy\/es\/wp-content\/uploads\/2019\/02\/DSC_0458-310x205.jpg 310w\" sizes=\"(max-width: 150px) 100vw, 150px\" \/><\/a>\n\t\t\t<\/div><\/figure><figure class='gallery-item'>\n\t\t\t<div class='gallery-icon landscape'>\n\t\t\t\t<a href='https:\/\/archive.sana.sy\/es\/wp-content\/uploads\/2019\/02\/DSC_0494.jpg'><img loading=\"lazy\" decoding=\"async\" width=\"150\" height=\"95\" src=\"https:\/\/archive.sana.sy\/es\/wp-content\/uploads\/2019\/02\/DSC_0494-150x95.jpg\" class=\"attachment-thumbnail size-thumbnail\" alt=\"\" srcset=\"https:\/\/archive.sana.sy\/es\/wp-content\/uploads\/2019\/02\/DSC_0494-150x95.jpg 150w, https:\/\/archive.sana.sy\/es\/wp-content\/uploads\/2019\/02\/DSC_0494-300x191.jpg 300w, https:\/\/archive.sana.sy\/es\/wp-content\/uploads\/2019\/02\/DSC_0494-768x488.jpg 768w, https:\/\/archive.sana.sy\/es\/wp-content\/uploads\/2019\/02\/DSC_0494-1024x651.jpg 1024w\" sizes=\"(max-width: 150px) 100vw, 150px\" \/><\/a>\n\t\t\t<\/div><\/figure><figure class='gallery-item'>\n\t\t\t<div class='gallery-icon landscape'>\n\t\t\t\t<a href='https:\/\/archive.sana.sy\/es\/wp-content\/uploads\/2019\/02\/DSC_0339.jpg'><img loading=\"lazy\" decoding=\"async\" width=\"150\" height=\"92\" src=\"https:\/\/archive.sana.sy\/es\/wp-content\/uploads\/2019\/02\/DSC_0339-150x92.jpg\" class=\"attachment-thumbnail size-thumbnail\" alt=\"\" srcset=\"https:\/\/archive.sana.sy\/es\/wp-content\/uploads\/2019\/02\/DSC_0339-150x92.jpg 150w, https:\/\/archive.sana.sy\/es\/wp-content\/uploads\/2019\/02\/DSC_0339-300x184.jpg 300w, https:\/\/archive.sana.sy\/es\/wp-content\/uploads\/2019\/02\/DSC_0339-768x472.jpg 768w, https:\/\/archive.sana.sy\/es\/wp-content\/uploads\/2019\/02\/DSC_0339-1024x629.jpg 1024w\" sizes=\"(max-width: 150px) 100vw, 150px\" \/><\/a>\n\t\t\t<\/div><\/figure><figure class='gallery-item'>\n\t\t\t<div class='gallery-icon landscape'>\n\t\t\t\t<a href='https:\/\/archive.sana.sy\/es\/wp-content\/uploads\/2019\/02\/secuestrados-liberados.jpg'><img loading=\"lazy\" decoding=\"async\" width=\"150\" height=\"75\" src=\"https:\/\/archive.sana.sy\/es\/wp-content\/uploads\/2019\/02\/secuestrados-liberados-150x75.jpg\" class=\"attachment-thumbnail size-thumbnail\" alt=\"\" srcset=\"https:\/\/archive.sana.sy\/es\/wp-content\/uploads\/2019\/02\/secuestrados-liberados-150x75.jpg 150w, https:\/\/archive.sana.sy\/es\/wp-content\/uploads\/2019\/02\/secuestrados-liberados-300x150.jpg 300w, https:\/\/archive.sana.sy\/es\/wp-content\/uploads\/2019\/02\/secuestrados-liberados.jpg 660w\" sizes=\"(max-width: 150px) 100vw, 150px\" \/><\/a>\n\t\t\t<\/div><\/figure>\n\t\t<\/div>\n\n<p style=\"text-align: justify;\"><span style=\"color: #0000ff;\">Lynn A.\/ F. Marouf\/ E. Dubian<\/span><\/p>\n","protected":false},"excerpt":{"rendered":"<p>Alepo, SANA El Ej\u00e9rcito sirio logr\u00f3 la liberaci\u00f3n de una veintena civiles que hab\u00edan sido secuestrados por los grupos terroristas, en la provincia de Alepo, en el norte del pa\u00eds. En un comunicado, una fuente del Ministerio de Defensa inform\u00f3 que las personas liberadas son del poblado de Deir Qaq, situado en el campo este &hellip;<\/p>\n","protected":false},"author":24,"featured_media":100330,"comment_status":"closed","ping_status":"closed","sticky":false,"template":"","format":"standard","meta":{"footnotes":""},"categories":[597,573,476,7541],"tags":[14356],"class_list":["post-100322","post","type-post","status-publish","format-standard","has-post-thumbnail","","category-cinta-de-noticias","category-la-realidad-de-los-acontecimientos-en-siria","category-locales","category-ultimas-noticias","tag-ejercito-libera-a-20-civiles-que-estaban-secuestrados-por-terroristas-en-alepo"],"_links":{"self":[{"href":"https:\/\/archive.sana.sy\/es\/index.php?rest_route=\/wp\/v2\/posts\/100322"}],"collection":[{"href":"https:\/\/archive.sana.sy\/es\/index.php?rest_route=\/wp\/v2\/posts"}],"about":[{"href":"https:\/\/archive.sana.sy\/es\/index.php?rest_route=\/wp\/v2\/types\/post"}],"author":[{"embeddable":true,"href":"https:\/\/archive.sana.sy\/es\/index.php?rest_route=\/wp\/v2\/users\/24"}],"replies":[{"embeddable":true,"href":"https:\/\/archive.sana.sy\/es\/index.php?rest_route=%2Fwp%2Fv2%2Fcomments&post=100322"}],"version-history":[{"count":0,"href":"https:\/\/archive.sana.sy\/es\/index.php?rest_route=\/wp\/v2\/posts\/100322\/revisions"}],"wp:featuredmedia":[{"embeddable":true,"href":"https:\/\/archive.sana.sy\/es\/index.php?rest_route=\/wp\/v2\/media\/100330"}],"wp:attachment":[{"href":"https:\/\/archive.sana.sy\/es\/index.php?rest_route=%2Fwp%2Fv2%2Fmedia&parent=100322"}],"wp:term":[{"taxonomy":"category","embeddable":true,"href":"https:\/\/archive.sana.sy\/es\/index.php?rest_route=%2Fwp%2Fv2%2Fcategories&post=100322"},{"taxonomy":"post_tag","embeddable":true,"href":"https:\/\/archive.sana.sy\/es\/index.php?rest_route=%2Fwp%2Fv2%2Ftags&post=100322"}],"curies":[{"name":"wp","href":"https:\/\/api.w.org\/{rel}","templated":true}]}}