{"id":100325,"date":"2019-02-12T18:10:27","date_gmt":"2019-02-12T16:10:27","guid":{"rendered":"https:\/\/www.sana.sy\/es\/?p=100325"},"modified":"2019-02-12T18:10:27","modified_gmt":"2019-02-12T16:10:27","slug":"diputados-jordanos-invitan-a-siria-para-participar-en-conferencia-de-la-union-de-los-parlamentarios-arabes","status":"publish","type":"post","link":"https:\/\/archive.sana.sy\/es\/?p=100325","title":{"rendered":"Diputados jordanos invitan a Siria para participar en Conferencia de la Uni\u00f3n de los Parlamentarios \u00c1rabes"},"content":{"rendered":"<p style=\"text-align: justify\"><span style=\"color: #800000\">Damasco, SANA<\/span><\/p>\n<p style=\"text-align: justify\">El presidente del Parlamento sirio, Hamudah Sabbagh, recibi\u00f3 este martes a una delegaci\u00f3n parlamentaria jordana, presidida por el diputado Tarek Khuri, jefe del Comit\u00e9 de Hermandad Parlamentaria Jordana-Siria.<\/p>\n<p style=\"text-align: justify\">En el encuentro, se hizo hincapi\u00e9 en la necesidad de activar el trabajo del referido comit\u00e9 y de intercambiar las experiencias entre ambos pa\u00edses.<\/p>\n<p style=\"text-align: justify\">Sabbagh se\u00f1al\u00f3 que Siria seguir\u00e1 fortaleciendo los lazos con los pa\u00edses y pueblos que la apoyaron, expresando su aprecio a la invitaci\u00f3n dirigida al Parlamento sirio para asistir a la Conferencia de la Uni\u00f3n de los Parlamentarios \u00c1rabes que se celebrar\u00e1 el pr\u00f3ximo mes en Jordania.<\/p>\n<p style=\"text-align: justify\">Por su parte, Khuri consider\u00f3 que esta invitaci\u00f3n es un salto cualitativo en el desarrollo de las relaciones binacionales.<\/p>\n<p style=\"text-align: justify\">En declaraciones concedidas a la prensa, el diputado jordano Khuri se\u00f1al\u00f3 que la invitaci\u00f3n ha sido una iniciativa por parte de la Uni\u00f3n de los Parlamentarios \u00c1rabes y el Consejo de Diputados de Jordania para romper el aislamiento que algunas partes trataron de imponer a Siria.<\/p>\n<p style=\"text-align: justify\">Enfatiz\u00f3 que Siria al derrotar el terrorismo es capaz de marchar adelante y seguir\u00e1 siendo el eje de los pa\u00edses resistentes y el pa\u00eds que une a los \u00e1rabes.<\/p>\n<p>&nbsp;<\/p>\n<p style=\"text-align: justify\">Lynn A.<\/p>\n","protected":false},"excerpt":{"rendered":"<p>Damasco, SANA El presidente del Parlamento sirio, Hamudah Sabbagh, recibi\u00f3 este martes a una delegaci\u00f3n parlamentaria jordana, presidida por el diputado Tarek Khuri, jefe del Comit\u00e9 de Hermandad Parlamentaria Jordana-Siria. En el encuentro, se hizo hincapi\u00e9 en la necesidad de activar el trabajo del referido comit\u00e9 y de intercambiar las experiencias entre ambos pa\u00edses. Sabbagh &hellip;<\/p>\n","protected":false},"author":24,"featured_media":100326,"comment_status":"closed","ping_status":"closed","sticky":false,"template":"","format":"standard","meta":{"footnotes":""},"categories":[597,476,7541],"tags":[],"class_list":["post-100325","post","type-post","status-publish","format-standard","has-post-thumbnail","","category-cinta-de-noticias","category-locales","category-ultimas-noticias"],"_links":{"self":[{"href":"https:\/\/archive.sana.sy\/es\/index.php?rest_route=\/wp\/v2\/posts\/100325"}],"collection":[{"href":"https:\/\/archive.sana.sy\/es\/index.php?rest_route=\/wp\/v2\/posts"}],"about":[{"href":"https:\/\/archive.sana.sy\/es\/index.php?rest_route=\/wp\/v2\/types\/post"}],"author":[{"embeddable":true,"href":"https:\/\/archive.sana.sy\/es\/index.php?rest_route=\/wp\/v2\/users\/24"}],"replies":[{"embeddable":true,"href":"https:\/\/archive.sana.sy\/es\/index.php?rest_route=%2Fwp%2Fv2%2Fcomments&post=100325"}],"version-history":[{"count":0,"href":"https:\/\/archive.sana.sy\/es\/index.php?rest_route=\/wp\/v2\/posts\/100325\/revisions"}],"wp:featuredmedia":[{"embeddable":true,"href":"https:\/\/archive.sana.sy\/es\/index.php?rest_route=\/wp\/v2\/media\/100326"}],"wp:attachment":[{"href":"https:\/\/archive.sana.sy\/es\/index.php?rest_route=%2Fwp%2Fv2%2Fmedia&parent=100325"}],"wp:term":[{"taxonomy":"category","embeddable":true,"href":"https:\/\/archive.sana.sy\/es\/index.php?rest_route=%2Fwp%2Fv2%2Fcategories&post=100325"},{"taxonomy":"post_tag","embeddable":true,"href":"https:\/\/archive.sana.sy\/es\/index.php?rest_route=%2Fwp%2Fv2%2Ftags&post=100325"}],"curies":[{"name":"wp","href":"https:\/\/api.w.org\/{rel}","templated":true}]}}