{"id":100343,"date":"2019-02-12T15:40:09","date_gmt":"2019-02-12T13:40:09","guid":{"rendered":"https:\/\/www.sana.sy\/es\/?p=100343"},"modified":"2019-02-12T20:10:33","modified_gmt":"2019-02-12T18:10:33","slug":"rusia-espera-que-la-investigacion-de-la-opaq-sobre-el-ataque-terrorista-contra-alepo-traiga-conclusiones-objetivas","status":"publish","type":"post","link":"https:\/\/archive.sana.sy\/es\/?p=100343","title":{"rendered":"Rusia espera que la investigaci\u00f3n de la OPAQ sobre el ataque terrorista contra Alepo traiga conclusiones objetivas"},"content":{"rendered":"<p style=\"text-align: justify\"><span style=\"color: #800000\">Mosc\u00fa, SANA<\/span><\/p>\n<p style=\"text-align: justify\">El director del Departamento de No Propagaci\u00f3n de Armas Qu\u00edmicas, Vladimir Ermakov expres\u00f3 su esperanza de que la investigaci\u00f3n dirigida por la OPAQ sobre el ataque qu\u00edmico cometido el pasado noviembre por grupos terroristas contra la ciudad de Alepo, produzca conclusiones objetivas e imparciales.<\/p>\n<p style=\"text-align: justify\">Entrevistado por la agencia rusa Sputnik, el alto funcionario ruso revel\u00f3 que expertos de la OPAQ visitaron los hospitales y los centros m\u00e9dicos que recibieron a los afectados por el ataque, as\u00ed como entrevistaron a varios testigos oculares, a\u00f1adiendo que los investigadores no han logrado por motivos de seguridad ir directamente al sitio donde ocurri\u00f3 el ataque, porque se distancia s\u00f3lo 500 metros de los terroristas.<\/p>\n<p style=\"text-align: justify\">El 24 del pasado mes de noviembre, 107 civiles sufrieron casos de asfixia tras un ataque terrorista librado con proyectiles contentivos de sustancias toxicas contra varios barrios de la ciudad septentrional de Alepo.<\/p>\n<p style=\"text-align: justify\">Ermakov a\u00f1adi\u00f3 que los expertos de la OPAQ recopilaron esta vez las pruebas y los testimonios de \u201cforma independiente\u201d en el lugar de apoyarse solo a muestras facilitadas por los terroristas y las organizaciones afiliadas con los mismos. \u201cEsperamos que esto contribuya a formular conclusiones objetivas e imparciales\u201d, expres\u00f3.<\/p>\n<p style=\"text-align: justify\">Lynn A.<\/p>\n","protected":false},"excerpt":{"rendered":"<p>Mosc\u00fa, SANA El director del Departamento de No Propagaci\u00f3n de Armas Qu\u00edmicas, Vladimir Ermakov expres\u00f3 su esperanza de que la investigaci\u00f3n dirigida por la OPAQ sobre el ataque qu\u00edmico cometido el pasado noviembre por grupos terroristas contra la ciudad de Alepo, produzca conclusiones objetivas e imparciales. Entrevistado por la agencia rusa Sputnik, el alto funcionario &hellip;<\/p>\n","protected":false},"author":24,"featured_media":87302,"comment_status":"closed","ping_status":"closed","sticky":false,"template":"","format":"standard","meta":{"footnotes":""},"categories":[467,7541],"tags":[],"class_list":["post-100343","post","type-post","status-publish","format-standard","has-post-thumbnail","","category-siria-y-el-mundo","category-ultimas-noticias"],"_links":{"self":[{"href":"https:\/\/archive.sana.sy\/es\/index.php?rest_route=\/wp\/v2\/posts\/100343"}],"collection":[{"href":"https:\/\/archive.sana.sy\/es\/index.php?rest_route=\/wp\/v2\/posts"}],"about":[{"href":"https:\/\/archive.sana.sy\/es\/index.php?rest_route=\/wp\/v2\/types\/post"}],"author":[{"embeddable":true,"href":"https:\/\/archive.sana.sy\/es\/index.php?rest_route=\/wp\/v2\/users\/24"}],"replies":[{"embeddable":true,"href":"https:\/\/archive.sana.sy\/es\/index.php?rest_route=%2Fwp%2Fv2%2Fcomments&post=100343"}],"version-history":[{"count":0,"href":"https:\/\/archive.sana.sy\/es\/index.php?rest_route=\/wp\/v2\/posts\/100343\/revisions"}],"wp:featuredmedia":[{"embeddable":true,"href":"https:\/\/archive.sana.sy\/es\/index.php?rest_route=\/wp\/v2\/media\/87302"}],"wp:attachment":[{"href":"https:\/\/archive.sana.sy\/es\/index.php?rest_route=%2Fwp%2Fv2%2Fmedia&parent=100343"}],"wp:term":[{"taxonomy":"category","embeddable":true,"href":"https:\/\/archive.sana.sy\/es\/index.php?rest_route=%2Fwp%2Fv2%2Fcategories&post=100343"},{"taxonomy":"post_tag","embeddable":true,"href":"https:\/\/archive.sana.sy\/es\/index.php?rest_route=%2Fwp%2Fv2%2Ftags&post=100343"}],"curies":[{"name":"wp","href":"https:\/\/api.w.org\/{rel}","templated":true}]}}