{"id":100352,"date":"2019-02-13T10:45:01","date_gmt":"2019-02-13T08:45:01","guid":{"rendered":"https:\/\/www.sana.sy\/es\/?p=100352"},"modified":"2019-02-13T17:51:00","modified_gmt":"2019-02-13T15:51:00","slug":"sirios-golaneses-conmemoran-el-37-aniversario-de-su-huelga-abierta-contra-la-decision-sionista-de-anexionar-el-golan","status":"publish","type":"post","link":"https:\/\/archive.sana.sy\/es\/?p=100352","title":{"rendered":"Sirios golaneses conmemoran el 37 aniversario de su huelga abierta contra la decisi\u00f3n sionista de anexionar el Gol\u00e1n"},"content":{"rendered":"<p style=\"text-align: justify;\"><span style=\"color: #800000;\">Damasco, SANA<\/span><\/p>\n<p style=\"text-align: justify;\">Los compatriotas sirios en el Gol\u00e1n ocupado comenzaron el 14 de febrero de 1982 una huelga general abierta para expresar su categ\u00f3rico rechazo a la decisi\u00f3n de las autoridades del ocupante israel\u00ed de anexionar el Gol\u00e1n e imponer la \u201cidentidad israel\u00ed\u201d sobre su poblaci\u00f3n.<\/p>\n<p style=\"text-align: justify;\">El Gol\u00e1n sirio fue ocupado por Israel durante su agresi\u00f3n el 4 de junio de 1967, una fecha conocida por los \u00e1rabe como Al-Naksah (Rev\u00e9s).<\/p>\n<p style=\"text-align: justify;\">El Knesset israel\u00ed aprob\u00f3 el 14 de diciembre de 1981 una funesta decisi\u00f3n que estipula la anexi\u00f3n del Gol\u00e1n sirio y la aplicaci\u00f3n de las \u201cleyes israel\u00edes\u201d.<\/p>\n<p style=\"text-align: justify;\">Pocas horas despu\u00e9s de hacerse p\u00fablica esa decisi\u00f3n, miles de pobladores sirios salieron a las calles para manifestar su rotundo rechazo a todas las medidas de la ocupaci\u00f3n y anunciaron una huelga general abierta para expresar su ira y rechazo a las arbitrarias pr\u00e1cticas sionistas.<\/p>\n<p style=\"text-align: justify;\">Los golaneses consideran que esa decisi\u00f3n es injusta y viola todas las convenciones y resoluciones internacionales que garantizan los derechos de los pueblos que viven bajo la ocupaci\u00f3n.<\/p>\n<p style=\"text-align: justify;\">La huelga de los golaneses dur\u00f3 poco m\u00e1s de cinco meses y oblig\u00f3 a las autoridades de ocupaci\u00f3n a revertir su decisi\u00f3n de imponer la \u201cciudadan\u00eda israel\u00ed\u201d a los sirios en el Gol\u00e1n.<\/p>\n<p style=\"text-align: justify;\">Sin embargo, el ocupante israel\u00ed sigue aplicando sus leyes violando las decenas de resoluciones de las Naciones Unidas que consideran nulas y sin valor a todas las medidas israel\u00edes en el Gol\u00e1n.<\/p>\n<p style=\"text-align: justify;\">Este a\u00f1o, los compatriotas sirios conmemoran el 37 aniversario de su huelga con reafirmar su voluntad y determinaci\u00f3n de seguir apegados a su tierra y su identidad \u00e1rabe siria, y tambi\u00e9n su resistencia al ocupante.<\/p>\n<p style=\"text-align: justify;\">Los representantes sociales y religiosos de los cincos poblados sirios bajo ocupaci\u00f3n reafirmaron que continuar\u00e1n su resistencia y su lucha contra todos los intentos israel\u00edes para cambiar demogr\u00e1fica y geogr\u00e1ficamente al Gol\u00e1n sirio.<\/p>\n<p style=\"text-align: justify;\"><span style=\"color: #0000ff;\">F. Marouf\/ E. Dubian<\/span><\/p>\n","protected":false},"excerpt":{"rendered":"<p>Damasco, SANA Los compatriotas sirios en el Gol\u00e1n ocupado comenzaron el 14 de febrero de 1982 una huelga general abierta para expresar su categ\u00f3rico rechazo a la decisi\u00f3n de las autoridades del ocupante israel\u00ed de anexionar el Gol\u00e1n e imponer la \u201cidentidad israel\u00ed\u201d sobre su poblaci\u00f3n. El Gol\u00e1n sirio fue ocupado por Israel durante su &hellip;<\/p>\n","protected":false},"author":32,"featured_media":100375,"comment_status":"closed","ping_status":"closed","sticky":false,"template":"","format":"standard","meta":{"footnotes":""},"categories":[597,476,583],"tags":[14357],"class_list":["post-100352","post","type-post","status-publish","format-standard","has-post-thumbnail","","category-cinta-de-noticias","category-locales","category-slide","tag-sirios-golaneses-conmemoran-el-37-aniversario-de-su-huelga-abierta-contra-la-decision-sionista-de-anexionar-el-golan"],"_links":{"self":[{"href":"https:\/\/archive.sana.sy\/es\/index.php?rest_route=\/wp\/v2\/posts\/100352"}],"collection":[{"href":"https:\/\/archive.sana.sy\/es\/index.php?rest_route=\/wp\/v2\/posts"}],"about":[{"href":"https:\/\/archive.sana.sy\/es\/index.php?rest_route=\/wp\/v2\/types\/post"}],"author":[{"embeddable":true,"href":"https:\/\/archive.sana.sy\/es\/index.php?rest_route=\/wp\/v2\/users\/32"}],"replies":[{"embeddable":true,"href":"https:\/\/archive.sana.sy\/es\/index.php?rest_route=%2Fwp%2Fv2%2Fcomments&post=100352"}],"version-history":[{"count":0,"href":"https:\/\/archive.sana.sy\/es\/index.php?rest_route=\/wp\/v2\/posts\/100352\/revisions"}],"wp:featuredmedia":[{"embeddable":true,"href":"https:\/\/archive.sana.sy\/es\/index.php?rest_route=\/wp\/v2\/media\/100375"}],"wp:attachment":[{"href":"https:\/\/archive.sana.sy\/es\/index.php?rest_route=%2Fwp%2Fv2%2Fmedia&parent=100352"}],"wp:term":[{"taxonomy":"category","embeddable":true,"href":"https:\/\/archive.sana.sy\/es\/index.php?rest_route=%2Fwp%2Fv2%2Fcategories&post=100352"},{"taxonomy":"post_tag","embeddable":true,"href":"https:\/\/archive.sana.sy\/es\/index.php?rest_route=%2Fwp%2Fv2%2Ftags&post=100352"}],"curies":[{"name":"wp","href":"https:\/\/api.w.org\/{rel}","templated":true}]}}