{"id":100450,"date":"2019-02-14T10:50:12","date_gmt":"2019-02-14T08:50:12","guid":{"rendered":"https:\/\/www.sana.sy\/es\/?p=100450"},"modified":"2019-02-14T12:19:03","modified_gmt":"2019-02-14T10:19:03","slug":"siria-condena-atentado-terrorista-contra-un-autobus-de-la-guardia-revolucionaria-irani","status":"publish","type":"post","link":"https:\/\/archive.sana.sy\/es\/?p=100450","title":{"rendered":"Siria condena atentado terrorista contra un autob\u00fas de la Guardia Revolucionaria Iran\u00ed"},"content":{"rendered":"<p style=\"text-align: justify;\"><span style=\"color: #800000;\">Damasco, SANA<\/span><\/p>\n<p style=\"text-align: justify;\">Siria conden\u00f3 en\u00e9rgicamente el atentado terrorista contra un autob\u00fas de la Guardia Revolucionaria Iran\u00ed y lo tach\u00f3 de un &#8220;cobarde&#8221; crimen que comprueba los v\u00ednculos entre el terrorismo takfir\u00ed y las fuerzas hegem\u00f3nicas y arrogantes lideradas por Estados Unidos.<\/p>\n<p style=\"text-align: justify;\">&#8220;La Rep\u00fablica \u00c1rabe Siria condena en los t\u00e9rminos m\u00e1s en\u00e9rgicos el ataque terrorista contra un autob\u00fas que transportaba efectivos de la Guardia Revolucionaria Iran\u00ed, y caus\u00f3 la muerte de varios de ellos&#8221;, indic\u00f3 una declaraci\u00f3n del Ministerio de Exteriores y Emigrantes emitida hoy.<\/p>\n<p style=\"text-align: justify;\">Canciller\u00eda agreg\u00f3 que &#8220;este crimen cobarde reafirma el v\u00ednculo org\u00e1nico entre el terrorismo takfir\u00ed y las fuerzas hegem\u00f3nicas y arrogantes lideradas por Estados Unidos que pretenden desestabilizar a Ir\u00e1n y la Regi\u00f3n para favorecer al proyecto sionista-estadounidense&#8221;.<\/p>\n<p style=\"text-align: justify;\">&#8220;La Rep\u00fablica \u00c1rabe Siria reitera su profunda solidaridad con la Rep\u00fablica Isl\u00e1mica de Ir\u00e1n y expresa sus sinceras condolencias a las familias de los m\u00e1rtires de este horrendo atentado, y desea una pronta recuperaci\u00f3n a los heridos&#8221;, concluy\u00f3 la nota de la Canciller\u00eda siria.<\/p>\n<p style=\"text-align: justify;\"><span style=\"color: #0000ff;\">F. Marouf\/ E. Dubian<\/span><\/p>\n","protected":false},"excerpt":{"rendered":"<p>Damasco, SANA Siria conden\u00f3 en\u00e9rgicamente el atentado terrorista contra un autob\u00fas de la Guardia Revolucionaria Iran\u00ed y lo tach\u00f3 de un &#8220;cobarde&#8221; crimen que comprueba los v\u00ednculos entre el terrorismo takfir\u00ed y las fuerzas hegem\u00f3nicas y arrogantes lideradas por Estados Unidos. &#8220;La Rep\u00fablica \u00c1rabe Siria condena en los t\u00e9rminos m\u00e1s en\u00e9rgicos el ataque terrorista contra &hellip;<\/p>\n","protected":false},"author":32,"featured_media":100451,"comment_status":"closed","ping_status":"closed","sticky":false,"template":"","format":"standard","meta":{"footnotes":""},"categories":[597,476,583],"tags":[],"class_list":["post-100450","post","type-post","status-publish","format-standard","has-post-thumbnail","","category-cinta-de-noticias","category-locales","category-slide"],"_links":{"self":[{"href":"https:\/\/archive.sana.sy\/es\/index.php?rest_route=\/wp\/v2\/posts\/100450"}],"collection":[{"href":"https:\/\/archive.sana.sy\/es\/index.php?rest_route=\/wp\/v2\/posts"}],"about":[{"href":"https:\/\/archive.sana.sy\/es\/index.php?rest_route=\/wp\/v2\/types\/post"}],"author":[{"embeddable":true,"href":"https:\/\/archive.sana.sy\/es\/index.php?rest_route=\/wp\/v2\/users\/32"}],"replies":[{"embeddable":true,"href":"https:\/\/archive.sana.sy\/es\/index.php?rest_route=%2Fwp%2Fv2%2Fcomments&post=100450"}],"version-history":[{"count":0,"href":"https:\/\/archive.sana.sy\/es\/index.php?rest_route=\/wp\/v2\/posts\/100450\/revisions"}],"wp:featuredmedia":[{"embeddable":true,"href":"https:\/\/archive.sana.sy\/es\/index.php?rest_route=\/wp\/v2\/media\/100451"}],"wp:attachment":[{"href":"https:\/\/archive.sana.sy\/es\/index.php?rest_route=%2Fwp%2Fv2%2Fmedia&parent=100450"}],"wp:term":[{"taxonomy":"category","embeddable":true,"href":"https:\/\/archive.sana.sy\/es\/index.php?rest_route=%2Fwp%2Fv2%2Fcategories&post=100450"},{"taxonomy":"post_tag","embeddable":true,"href":"https:\/\/archive.sana.sy\/es\/index.php?rest_route=%2Fwp%2Fv2%2Ftags&post=100450"}],"curies":[{"name":"wp","href":"https:\/\/api.w.org\/{rel}","templated":true}]}}