{"id":100456,"date":"2019-02-14T12:52:55","date_gmt":"2019-02-14T10:52:55","guid":{"rendered":"https:\/\/www.sana.sy\/es\/?p=100456"},"modified":"2019-02-14T12:55:22","modified_gmt":"2019-02-14T10:55:22","slug":"rohani-insta-a-la-salida-de-fuerzas-extranjeras-presentes-ilegalmente-en-siria","status":"publish","type":"post","link":"https:\/\/archive.sana.sy\/es\/?p=100456","title":{"rendered":"Rohani insta a la salida de fuerzas extranjeras presentes ilegalmente en Siria"},"content":{"rendered":"<p style=\"text-align: justify;\"><span style=\"color: #800000;\">Teher\u00e1n, SANA<\/span><\/p>\n<p style=\"text-align: justify;\">El presidente iran\u00ed Hassan Rohani, dijo que la cuarta cumbre de los tres pa\u00edses garantes del proceso de Astan\u00e1 prevista su celebraci\u00f3n hoy en la ciudad rusa de Sochi, abordar\u00e1 temas relativos a la situaci\u00f3n en la regi\u00f3n, incluida la crisis en Siria.<\/p>\n<p style=\"text-align: justify;\">&#8220;Los grupos terroristas en Siria recibieron duros golpes; y muchas zonas sirias han sido liberadas del terrorismo&#8221;, declar\u00f3 el mandatario iran\u00ed a la prensa antes de su partida hacia la ciudad de Sochi para asistir a la cumbre.<\/p>\n<p style=\"text-align: justify;\">Aclar\u00f3 que &#8220;a\u00fan hay terroristas en algunas zonas en Siria, y la lucha contra el terrorismo continuar\u00e1 hasta que sean eliminados&#8221;.<\/p>\n<p style=\"text-align: justify;\">El presidente iran\u00ed inst\u00f3 a la salida de todas las fuerzas extranjeras presentes en Siria sin el consentimiento de su gobierno.<\/p>\n<p style=\"text-align: justify;\">Por otro lado, Rohani coment\u00f3 que EE.UU y el Sionismo son las principales ra\u00edces del terrorismo en la regi\u00f3n.<\/p>\n<p style=\"text-align: justify;\"><span style=\"color: #0000ff;\">F. Marouf\/ E. Dubian<\/span><\/p>\n","protected":false},"excerpt":{"rendered":"<p>Teher\u00e1n, SANA El presidente iran\u00ed Hassan Rohani, dijo que la cuarta cumbre de los tres pa\u00edses garantes del proceso de Astan\u00e1 prevista su celebraci\u00f3n hoy en la ciudad rusa de Sochi, abordar\u00e1 temas relativos a la situaci\u00f3n en la regi\u00f3n, incluida la crisis en Siria. &#8220;Los grupos terroristas en Siria recibieron duros golpes; y muchas &hellip;<\/p>\n","protected":false},"author":32,"featured_media":100459,"comment_status":"closed","ping_status":"closed","sticky":false,"template":"","format":"standard","meta":{"footnotes":""},"categories":[597,467,7541,1],"tags":[],"class_list":["post-100456","post","type-post","status-publish","format-standard","has-post-thumbnail","","category-cinta-de-noticias","category-siria-y-el-mundo","category-ultimas-noticias","category-news-not-sorted"],"_links":{"self":[{"href":"https:\/\/archive.sana.sy\/es\/index.php?rest_route=\/wp\/v2\/posts\/100456"}],"collection":[{"href":"https:\/\/archive.sana.sy\/es\/index.php?rest_route=\/wp\/v2\/posts"}],"about":[{"href":"https:\/\/archive.sana.sy\/es\/index.php?rest_route=\/wp\/v2\/types\/post"}],"author":[{"embeddable":true,"href":"https:\/\/archive.sana.sy\/es\/index.php?rest_route=\/wp\/v2\/users\/32"}],"replies":[{"embeddable":true,"href":"https:\/\/archive.sana.sy\/es\/index.php?rest_route=%2Fwp%2Fv2%2Fcomments&post=100456"}],"version-history":[{"count":0,"href":"https:\/\/archive.sana.sy\/es\/index.php?rest_route=\/wp\/v2\/posts\/100456\/revisions"}],"wp:featuredmedia":[{"embeddable":true,"href":"https:\/\/archive.sana.sy\/es\/index.php?rest_route=\/wp\/v2\/media\/100459"}],"wp:attachment":[{"href":"https:\/\/archive.sana.sy\/es\/index.php?rest_route=%2Fwp%2Fv2%2Fmedia&parent=100456"}],"wp:term":[{"taxonomy":"category","embeddable":true,"href":"https:\/\/archive.sana.sy\/es\/index.php?rest_route=%2Fwp%2Fv2%2Fcategories&post=100456"},{"taxonomy":"post_tag","embeddable":true,"href":"https:\/\/archive.sana.sy\/es\/index.php?rest_route=%2Fwp%2Fv2%2Ftags&post=100456"}],"curies":[{"name":"wp","href":"https:\/\/api.w.org\/{rel}","templated":true}]}}