{"id":100463,"date":"2019-02-14T13:21:01","date_gmt":"2019-02-14T11:21:01","guid":{"rendered":"https:\/\/www.sana.sy\/es\/?p=100463"},"modified":"2019-02-14T13:21:12","modified_gmt":"2019-02-14T11:21:12","slug":"ejercito-bombardea-destruye-sedes-terroristas-en-idleb-y-hama","status":"publish","type":"post","link":"https:\/\/archive.sana.sy\/es\/?p=100463","title":{"rendered":"Ej\u00e9rcito bombardea destruye sedes terroristas en Idleb y Hama"},"content":{"rendered":"<p style=\"text-align: justify;\"><span style=\"color: #800000;\">Idleb &#8211; Hama, SANA<\/span><\/p>\n<p style=\"text-align: justify;\">Las unidades del Ej\u00e9rcito destruyeron este jueves a posiciones de los terroristas en las cercan\u00edas de la ciudad de Khan Shaikhoun en la provincia de Idleb, en respuesta a sus frecuentes violaciones al acuerdo de zona de desescalada.<\/p>\n<p style=\"text-align: justify;\">Por otro lado, los uniformados sirios repelieron ataques e intentos de infiltrarse de terroristas desde las afueras del poblado de Skeik hacia los poblados en las zonas liberadas en Idleb.<\/p>\n<p style=\"text-align: justify;\">En el campo norte de la provincia de Hama, las unidades del ej\u00e9rcito llevaron a cabo operaciones contra terroristas del denominado grupo radical &#8220;Partido del Turquest\u00e1n&#8221; en las cercan\u00edas de los poblados de Huez y Huejah, donde abatieron a varios de ellos.<\/p>\n<p style=\"text-align: justify;\"><span style=\"color: #0000ff;\">F. Marouf\/ E. Dubian<\/span><\/p>\n","protected":false},"excerpt":{"rendered":"<p>Idleb &#8211; Hama, SANA Las unidades del Ej\u00e9rcito destruyeron este jueves a posiciones de los terroristas en las cercan\u00edas de la ciudad de Khan Shaikhoun en la provincia de Idleb, en respuesta a sus frecuentes violaciones al acuerdo de zona de desescalada. Por otro lado, los uniformados sirios repelieron ataques e intentos de infiltrarse de &hellip;<\/p>\n","protected":false},"author":32,"featured_media":100464,"comment_status":"closed","ping_status":"closed","sticky":false,"template":"","format":"standard","meta":{"footnotes":""},"categories":[597,573,583],"tags":[14372],"class_list":["post-100463","post","type-post","status-publish","format-standard","has-post-thumbnail","","category-cinta-de-noticias","category-la-realidad-de-los-acontecimientos-en-siria","category-slide","tag-ejercito-bombardea-destruye-sedes-terroristas-en-idleb-y-hama"],"_links":{"self":[{"href":"https:\/\/archive.sana.sy\/es\/index.php?rest_route=\/wp\/v2\/posts\/100463"}],"collection":[{"href":"https:\/\/archive.sana.sy\/es\/index.php?rest_route=\/wp\/v2\/posts"}],"about":[{"href":"https:\/\/archive.sana.sy\/es\/index.php?rest_route=\/wp\/v2\/types\/post"}],"author":[{"embeddable":true,"href":"https:\/\/archive.sana.sy\/es\/index.php?rest_route=\/wp\/v2\/users\/32"}],"replies":[{"embeddable":true,"href":"https:\/\/archive.sana.sy\/es\/index.php?rest_route=%2Fwp%2Fv2%2Fcomments&post=100463"}],"version-history":[{"count":0,"href":"https:\/\/archive.sana.sy\/es\/index.php?rest_route=\/wp\/v2\/posts\/100463\/revisions"}],"wp:featuredmedia":[{"embeddable":true,"href":"https:\/\/archive.sana.sy\/es\/index.php?rest_route=\/wp\/v2\/media\/100464"}],"wp:attachment":[{"href":"https:\/\/archive.sana.sy\/es\/index.php?rest_route=%2Fwp%2Fv2%2Fmedia&parent=100463"}],"wp:term":[{"taxonomy":"category","embeddable":true,"href":"https:\/\/archive.sana.sy\/es\/index.php?rest_route=%2Fwp%2Fv2%2Fcategories&post=100463"},{"taxonomy":"post_tag","embeddable":true,"href":"https:\/\/archive.sana.sy\/es\/index.php?rest_route=%2Fwp%2Fv2%2Ftags&post=100463"}],"curies":[{"name":"wp","href":"https:\/\/api.w.org\/{rel}","templated":true}]}}