{"id":100470,"date":"2019-02-14T12:34:03","date_gmt":"2019-02-14T10:34:03","guid":{"rendered":"https:\/\/www.sana.sy\/es\/?p=100470"},"modified":"2023-01-09T14:08:50","modified_gmt":"2023-01-09T12:08:50","slug":"el-sector-educativo-en-deir-ezzor-es-testigo-de-una-rapida-recuperacion","status":"publish","type":"post","link":"https:\/\/archive.sana.sy\/es\/?p=100470","title":{"rendered":"El sector educativo en Deir Ezzor es testigo de una r\u00e1pida recuperaci\u00f3n"},"content":{"rendered":"<p style=\"text-align: justify;\"><span style=\"color: #800000;\">Deir Ezzor, SANA<\/span><\/p>\n<p style=\"text-align: justify;\">El sector educativo en la provincia de Deir Ezzor ha dado r\u00e1pidos pasos de recuperaci\u00f3n al reanudarse el proceso educativo en un gran n\u00famero de escuelas desde la ruptura del sitio impuesto por los terroristas a la ciudad y la liberaci\u00f3n de la mayor\u00eda de sus \u00e1reas.<\/p>\n<p style=\"text-align: justify;\">Decenas de miles de estudiantes regresaron a sus escuelas declarando la reactivaci\u00f3n del sector docente despu\u00e9s de erradicar a los terroristas del Daesh que intentaron difundir su mentalidad oscura y estrecha en la provincia.<\/p>\n<p style=\"text-align: justify;\">El n\u00famero de escuelas para el a\u00f1o acad\u00e9mico 2017-2018 lleg\u00f3 a 268, mientras que siete institutos se pusieron en servicio y el n\u00famero de estudiantes lleg\u00f3 a 105 mil, dijo a SANA el director de Educaci\u00f3n en Deir Ezzor, Khalil Haj Obeid.<\/p>\n<p style=\"text-align: justify;\">Haj Obeid indic\u00f3 que las escuelas que se pusieron en servicio se extendieron por todas las \u00e1reas de la provincia, y agreg\u00f3 que las escuelas cuentan ya con el personal de ense\u00f1anza, libros, escritorios y todos los dem\u00e1s requisitos del proceso educacional.<\/p>\n<p style=\"text-align: justify;\">El Gobierno sirio presta una gran atenci\u00f3n al sector educativo en la provincia de Deir Ezzor y desde la restauraci\u00f3n de la seguridad y la estabilidad en la provincia, los organismos interesados han trabajado en la rehabilitaci\u00f3n de un gran n\u00famero de escuelas y les han proporcionado todos los accesorios del proceso educativo.<\/p>\n<p style=\"text-align: justify;\"><span style=\"color: #0000ff;\">E. Dubian\/ Riad Sh.<\/span><\/p>\n","protected":false},"excerpt":{"rendered":"<p>Deir Ezzor, SANA El sector educativo en la provincia de Deir Ezzor ha dado r\u00e1pidos pasos de recuperaci\u00f3n al reanudarse el proceso educativo en un gran n\u00famero de escuelas desde la ruptura del sitio impuesto por los terroristas a la ciudad y la liberaci\u00f3n de la mayor\u00eda de sus \u00e1reas. Decenas de miles de estudiantes &hellip;<\/p>\n","protected":false},"author":32,"featured_media":100471,"comment_status":"closed","ping_status":"closed","sticky":false,"template":"","format":"standard","meta":{"footnotes":""},"categories":[597,476,7541],"tags":[14373],"class_list":["post-100470","post","type-post","status-publish","format-standard","has-post-thumbnail","","category-cinta-de-noticias","category-locales","category-ultimas-noticias","tag-el-sector-educativo-en-deir-ezzor-es-testigo-de-una-rapida-recuperacion"],"_links":{"self":[{"href":"https:\/\/archive.sana.sy\/es\/index.php?rest_route=\/wp\/v2\/posts\/100470"}],"collection":[{"href":"https:\/\/archive.sana.sy\/es\/index.php?rest_route=\/wp\/v2\/posts"}],"about":[{"href":"https:\/\/archive.sana.sy\/es\/index.php?rest_route=\/wp\/v2\/types\/post"}],"author":[{"embeddable":true,"href":"https:\/\/archive.sana.sy\/es\/index.php?rest_route=\/wp\/v2\/users\/32"}],"replies":[{"embeddable":true,"href":"https:\/\/archive.sana.sy\/es\/index.php?rest_route=%2Fwp%2Fv2%2Fcomments&post=100470"}],"version-history":[{"count":0,"href":"https:\/\/archive.sana.sy\/es\/index.php?rest_route=\/wp\/v2\/posts\/100470\/revisions"}],"wp:featuredmedia":[{"embeddable":true,"href":"https:\/\/archive.sana.sy\/es\/index.php?rest_route=\/wp\/v2\/media\/100471"}],"wp:attachment":[{"href":"https:\/\/archive.sana.sy\/es\/index.php?rest_route=%2Fwp%2Fv2%2Fmedia&parent=100470"}],"wp:term":[{"taxonomy":"category","embeddable":true,"href":"https:\/\/archive.sana.sy\/es\/index.php?rest_route=%2Fwp%2Fv2%2Fcategories&post=100470"},{"taxonomy":"post_tag","embeddable":true,"href":"https:\/\/archive.sana.sy\/es\/index.php?rest_route=%2Fwp%2Fv2%2Ftags&post=100470"}],"curies":[{"name":"wp","href":"https:\/\/api.w.org\/{rel}","templated":true}]}}