{"id":100473,"date":"2019-02-14T15:15:52","date_gmt":"2019-02-14T13:15:52","guid":{"rendered":"https:\/\/www.sana.sy\/es\/?p=100473"},"modified":"2019-02-14T15:15:52","modified_gmt":"2019-02-14T13:15:52","slug":"peskov-la-reunion-de-sochi-debatira-lo-que-se-acordo-con-respecto-a-idleb","status":"publish","type":"post","link":"https:\/\/archive.sana.sy\/es\/?p=100473","title":{"rendered":"Peskov: la reuni\u00f3n de Sochi debatir\u00e1 lo que se acord\u00f3 con respecto a Idleb"},"content":{"rendered":"<p style=\"text-align: justify;\"><span style=\"color: #800000;\">Mosc\u00fa, SANA<\/span><\/p>\n<p style=\"text-align: justify;\">El portavoz del Kremlin, Dmitry Peskov, declar\u00f3 que la situaci\u00f3n en Idleb y la persistencia del terrorismo encabezar\u00e1 la agenda de las conversaciones de los tres estados garantes del proceso de Astana en la ciudad rusa de Sochi.<\/p>\n<p style=\"text-align: justify;\">En un comunicado de prensa el jueves, Peskov dijo que la reuni\u00f3n de los presidentes de Rusia, Turqu\u00eda e Ir\u00e1n discutir\u00e1 la presencia continua de los grupos terroristas en Idleb.<\/p>\n<p style=\"text-align: justify;\">Agreg\u00f3 que se har\u00e1 referencia a la necesidad de la implementaci\u00f3n total de lo acordado en Sochi, ya que constituye uno de los factores m\u00e1s importantes de la estabilidad total en Siria, que eventualmente llevar\u00e1 a una soluci\u00f3n pol\u00edtica a la crisis all\u00ed.<\/p>\n<p style=\"text-align: justify;\"><span style=\"color: #0000ff;\">E. Dubian\/ Riad Sh.<\/span><\/p>\n","protected":false},"excerpt":{"rendered":"<p>Mosc\u00fa, SANA El portavoz del Kremlin, Dmitry Peskov, declar\u00f3 que la situaci\u00f3n en Idleb y la persistencia del terrorismo encabezar\u00e1 la agenda de las conversaciones de los tres estados garantes del proceso de Astana en la ciudad rusa de Sochi. En un comunicado de prensa el jueves, Peskov dijo que la reuni\u00f3n de los presidentes &hellip;<\/p>\n","protected":false},"author":32,"featured_media":100474,"comment_status":"closed","ping_status":"closed","sticky":false,"template":"","format":"standard","meta":{"footnotes":""},"categories":[597,467,7541],"tags":[],"class_list":["post-100473","post","type-post","status-publish","format-standard","has-post-thumbnail","","category-cinta-de-noticias","category-siria-y-el-mundo","category-ultimas-noticias"],"_links":{"self":[{"href":"https:\/\/archive.sana.sy\/es\/index.php?rest_route=\/wp\/v2\/posts\/100473"}],"collection":[{"href":"https:\/\/archive.sana.sy\/es\/index.php?rest_route=\/wp\/v2\/posts"}],"about":[{"href":"https:\/\/archive.sana.sy\/es\/index.php?rest_route=\/wp\/v2\/types\/post"}],"author":[{"embeddable":true,"href":"https:\/\/archive.sana.sy\/es\/index.php?rest_route=\/wp\/v2\/users\/32"}],"replies":[{"embeddable":true,"href":"https:\/\/archive.sana.sy\/es\/index.php?rest_route=%2Fwp%2Fv2%2Fcomments&post=100473"}],"version-history":[{"count":0,"href":"https:\/\/archive.sana.sy\/es\/index.php?rest_route=\/wp\/v2\/posts\/100473\/revisions"}],"wp:featuredmedia":[{"embeddable":true,"href":"https:\/\/archive.sana.sy\/es\/index.php?rest_route=\/wp\/v2\/media\/100474"}],"wp:attachment":[{"href":"https:\/\/archive.sana.sy\/es\/index.php?rest_route=%2Fwp%2Fv2%2Fmedia&parent=100473"}],"wp:term":[{"taxonomy":"category","embeddable":true,"href":"https:\/\/archive.sana.sy\/es\/index.php?rest_route=%2Fwp%2Fv2%2Fcategories&post=100473"},{"taxonomy":"post_tag","embeddable":true,"href":"https:\/\/archive.sana.sy\/es\/index.php?rest_route=%2Fwp%2Fv2%2Ftags&post=100473"}],"curies":[{"name":"wp","href":"https:\/\/api.w.org\/{rel}","templated":true}]}}