{"id":100676,"date":"2019-02-17T13:20:17","date_gmt":"2019-02-17T11:20:17","guid":{"rendered":"https:\/\/www.sana.sy\/es\/?p=100676"},"modified":"2019-08-21T22:39:20","modified_gmt":"2019-08-21T19:39:20","slug":"presidente-al-assad-pronuncia-discurso-ante-reunion-de-los-alcaldes","status":"publish","type":"post","link":"https:\/\/archive.sana.sy\/es\/?p=100676","title":{"rendered":"Al-Assad: la pol\u00edtica de algunos pa\u00edses hacia Siria se bas\u00f3 en apoyar el terrorismo y la descentralizaci\u00f3n para debilitar la autoridad del estado"},"content":{"rendered":"<p style=\"text-align: justify;\"><span style=\"color: #800000;\">Damasco, SANA<\/span><\/p>\n<p style=\"text-align: justify;\">El presidente Bashar Al-Assad, pronunci\u00f3 un discurso ante los participantes en la reuni\u00f3n de alcaldes de todas las provincias del pa\u00eds.<\/p>\n<p style=\"text-align: justify;\"><span style=\"color: #0000ff;\">Al-Assad: la celebraci\u00f3n de las elecciones municipales en su fecha demuestra la fuerza del pueblo y del Estado<\/span><\/p>\n<p style=\"text-align: justify;\">En sus palabras, el presidente asegur\u00f3 que la celebraci\u00f3n de las elecciones municipales en su fecha demuestra la fuerza del pueblo y del Estado y, el fracaso de la apuesta de los enemigos que quer\u00eda convertir a Siria en un estado fallido incapaz de desempe\u00f1ar sus tareas.<\/p>\n<p style=\"text-align: justify;\">\u201cTras el mejoramiento de la situaci\u00f3n sobre el terreno, disponemos de la oportunidad de hacer un cambio cualitativo en el trabajo de la administraci\u00f3n municipal lo cual repercutir\u00e1 en todos los aspectos de la vida\u201d, indic\u00f3 Al-Assad, y agreg\u00f3 que \u201clos n\u00facleos municipales son ahora m\u00e1s capaces de desempe\u00f1ar sus funciones sin dependerse de la autoridad central.<\/p>\n<p style=\"text-align: justify;\">El presidente destac\u00f3 que el lanzamiento de proyectos de desarrollo a nivel local complementar\u00e1 los proyectos estrat\u00e9gicos del estado y esto en s\u00ed mismo es una inversi\u00f3n de los recursos financieros y humanos.<\/p>\n<p style=\"text-align: justify;\"><span style=\"color: #0000ff;\">Al-Assad: el plan de divisi\u00f3n de Siria va m\u00e1s all\u00e1 de las fronteras del estado sirio y abarca la regi\u00f3n en su conjunto<\/span><\/p>\n<p style=\"text-align: justify;\">Por otro lado, se\u00f1al\u00f3 que la pol\u00edtica de algunos pa\u00edses hacia Siria se bas\u00f3 en el apoyo al terrorismo y promover la descentralizaci\u00f3n global para debilitar la autoridad del estado.<\/p>\n<p style=\"text-align: justify;\">A\u00f1adi\u00f3 que \u201cel plan de divisi\u00f3n de Siria no es nada nuevo y va m\u00e1s all\u00e1 de las fronteras del estado sirio y abarca la regi\u00f3n en su conjunto\u201d.<\/p>\n<p style=\"text-align: justify;\">El presidente explic\u00f3 que \u201ccon la liberaci\u00f3n de cada cent\u00edmetro del terrorismo, un traidor se destru\u00edan porque sus patrocinadores les han fallado\u201d. \u201cAlgunos de ellos se vendi\u00f3 y acept\u00f3 ser comprado, pero no lograron cumplir las funciones que se les asign\u00f3 por sus patrocinadores\u201d, detall\u00f3.<\/p>\n<p style=\"text-align: justify;\">Al-Assad dijo que el plan para dominar al mundo que lidera Estados Unidos no ha cambiado, y la resistencia de nuestro pueblo se ha consolidado.<\/p>\n<p style=\"text-align: justify;\">\u201cLa patria no es una mercanc\u00eda, es sagrada y tiene due\u00f1os reales y no ladrones\u201d, precis\u00f3.<\/p>\n<p style=\"text-align: justify;\"><span style=\"color: #0000ff;\">Al-Assad: nada le da valor al hombre, excepto su verdadera pertenencia<\/span><\/p>\n<p style=\"text-align: justify;\">Tambi\u00e9n afirm\u00f3 que despu\u00e9s de todos estos a\u00f1os, los traidores no han aprendido el hecho de que \u201cnada le da valor al hombre, excepto su verdadera pertenencia\u201d.<\/p>\n<p style=\"text-align: justify;\">Agreg\u00f3 que la \u00fanica forma de revertir el error es unirse a la reconciliaci\u00f3n y entregar las armas al estado.<\/p>\n<p style=\"text-align: justify;\">\u201cGracias a nuestras fuerzas armadas y al apoyo de las fuerzas colegiadas y los aliadas, y tambi\u00e9n los amigos y los hermanos, hemos logrado derrotar el terrorismo\u201d, resalt\u00f3 el mandatario sirio.<\/p>\n<p style=\"text-align: justify;\"><span style=\"color: #0000ff;\">Al-Assad: Triunfamos unos juntos a los otros y no unos en contra de otros<\/span><\/p>\n<p style=\"text-align: justify;\">El presidente destac\u00f3 que el pueblo sirio est\u00e1 arraigado en la historia y resisti\u00f3 al terrorismo. \u201cTriunfamos unos juntos a los otros y no unos en contra de otros\u201d, aclar\u00f3.<\/p>\n<p style=\"text-align: justify;\"><span style=\"color: #0000ff;\">Al-Assad: instamos a aquellos que abandonaron el pa\u00eds para que regresen y contribuyan al proceso de reconstrucci\u00f3n<\/span><\/p>\n<p style=\"text-align: justify;\">Al-Assad explic\u00f3 que el Estado sirio est\u00e1 trabajando para el retorno de todas las personas desplazadas y deportadas que tuvieron que abandonar sus hogares debido al terrorismo, se\u00f1alando que este retorno es la \u00fanica forma de poner fin a su sufrimiento.<\/p>\n<p style=\"text-align: justify;\">Asegur\u00f3 que algunos pa\u00edses est\u00e1n obstaculizando el regreso de los refugiados y el pilar principal del plan hostil contra Siria ha sido el tema de los refugiados.<\/p>\n<p style=\"text-align: justify;\">\u201cEl tema de los refugiados en el extranjero est\u00e1 siendo utilizado por los pa\u00edses patrocinadores del terrorismo para condenar al estado sirio.\u201d, dijo.<\/p>\n<p style=\"text-align: justify;\">El presidente agreg\u00f3 que el Estado sirio &#8220;no permitir\u00e1 que los patrocinadores del terrorismo conviertan a los refugiados sirios en una carta pol\u00edtica para lograr sus intereses\u201d.<\/p>\n<p style=\"text-align: justify;\">\u201cHacemos un llamado a todos aquellos que abandonaron el pa\u00eds a consecuencia del terrorismo para que regresen y contribuyan al proceso de reconstrucci\u00f3n porque la patria es de todos sus hijos\u201d, afirm\u00f3.<\/p>\n<p style=\"text-align: justify;\">El presidente al-Assad dijo que la conciencia nacional ha frustrado el plan de nuestros enemigos.<\/p>\n<p style=\"text-align: justify;\"><span style=\"color: #0000ff;\">Al-Assad: la situaci\u00f3n actual requiere mucha cautela porque los enemigos que buscan difundir el caos en la sociedad siria.<\/span><\/p>\n<p style=\"text-align: justify;\">Por otro lado, el mandatario sirio alert\u00f3 que \u201cla guerra no ha terminado y en la actualidad hay cuatro guerras: la primera es militar, la segunda contra el bloqueo, la tercera es mediante la Internet y la cuarta guerra es contra los corruptos\u201d.<\/p>\n<p style=\"text-align: justify;\">Agreg\u00f3 que la situaci\u00f3n actual requiere mucha cautela debido al fracaso de los enemigos en lograr sus objetivos con el terrorismo y ahora buscan difundir el caos dentro de la sociedad siria.<\/p>\n<p style=\"text-align: justify;\">\u201cEn la actualidad, el desaf\u00edo principal es garantizar las necesidades b\u00e1sicas de los ciudadanos, algo que est\u00e1 siendo dif\u00edcil de lograr debido al bloqueo\u201d, explic\u00f3 Al-Assad, y detall\u00f3 que el bloqueo es una guerra en s\u00ed misma y se parece a la batallas militares<\/p>\n<p style=\"text-align: justify;\"><span style=\"color: #0000ff;\">Al-Assad: la reconstrucci\u00f3n de las mentes es el mayor reto y no la reconstrucci\u00f3n de la infraestructura.<\/span><\/p>\n<p style=\"text-align: justify;\">El presidente al-Assad agreg\u00f3 que la reconstrucci\u00f3n de las mentalidades es el mayor reto y no la reconstrucci\u00f3n de la infraestructura.<\/p>\n<p style=\"text-align: justify;\">\u201cCuando nuestros enemigos comenzaron la guerra sab\u00edan que iban a dejarnos una infraestructura destruida y saben que la vamos a construir, pero lo m\u00e1s dif\u00edcil es tratar con la estructura intelectual e ideol\u00f3gica y no podemos fracasar en reconstruirla\u201d, argument\u00f3.<\/p>\n<p style=\"text-align: justify;\">Se\u00f1al\u00f3 que \u201cel futuro de Siria lo deciden exclusivamente los sirios, y la Constituci\u00f3n no puede estar sujeta a negociaciones\u201d.<\/p>\n<p style=\"text-align: justify;\">Al-Assad aclar\u00f3 que la soberan\u00eda de las naciones es algo sagrado y si se viola a trav\u00e9s de la agresi\u00f3n y el terrorismo, esto no significa que debemos renunciar su esencia que la decisi\u00f3n nacional independiente.<\/p>\n<p style=\"text-align: justify;\">Tambi\u00e9n reafirm\u00f3 que los pa\u00edses hostiles persisten en la agresi\u00f3n y en obstaculizar cualquier acci\u00f3n seria como Sochi y Astan\u00e1, acogiendo bien al rol de las Naciones Unidas.<\/p>\n<p><span style=\"color: #0000ff;\">El presidente Al-Assad: la zona segura que intentan establecer los turcos es la misma que instaron a crear desde el primer a\u00f1o de la guerra<\/span><\/p>\n<p style=\"text-align: justify;\">El presidente Al-Assad se\u00f1al\u00f3 que la zona segura que intentan establecer los turcos es la misma que instaron a crear desde el primer a\u00f1o de la guerra<\/p>\n<p style=\"text-align: justify;\">\u00a8Los turcos no llamaron a establecer la zona segura, m\u00e1s bien instaran a los estadounidenses para que les permitieran entrar en la regi\u00f3n norte y este de Siria, pero los EEUU les dec\u00eda \u00a8\u00e9chate a un lado, a\u00fan no ha llegado su turno\u00a8, porque, en aquella etapa los terroristas llevaban a cabo la misi\u00f3n muy bien\u00a8, indic\u00f3 el presidente.<\/p>\n<p style=\"text-align: justify;\">\u00a8Despu\u00e9s de la liberaci\u00f3n de Alepo, Deir Ezzor, Homs, Ghouta Dimashq, Deraa y partes del campo de Hama la situaci\u00f3n se hizo peligrosa, solo quedaba Idleb y algunas zonas bajo el control de grupos vinculados a EEUU, ya el papel turco era necesario y crucial para \u00a8barajar las cartas\u00a8, sin embargo para nosotros cualquier pulgada o tierra de Siria ser\u00e1 liberado y cualquier intruso es un enemigo y ser\u00e1 tratado como uno\u00a8, puntualiz\u00f3 Al-Assad.<\/p>\n<p style=\"text-align: justify;\"><span style=\"color: #0000ff;\">F. Marouf\/ Y.K.\/ Ammar H.<\/span><\/p>\n","protected":false},"excerpt":{"rendered":"<p>Damasco, SANA El presidente Bashar Al-Assad, pronunci\u00f3 un discurso ante los participantes en la reuni\u00f3n de alcaldes de todas las provincias del pa\u00eds. Al-Assad: la celebraci\u00f3n de las elecciones municipales en su fecha demuestra la fuerza del pueblo y del Estado En sus palabras, el presidente asegur\u00f3 que la celebraci\u00f3n de las elecciones municipales en &hellip;<\/p>\n","protected":false},"author":30,"featured_media":100681,"comment_status":"closed","ping_status":"closed","sticky":false,"template":"","format":"standard","meta":{"footnotes":""},"categories":[597,628,476,16237,583,626],"tags":[14411],"class_list":["post-100676","post","type-post","status-publish","format-standard","has-post-thumbnail","","category-cinta-de-noticias","category-discursos","category-locales","category-presidence-de-la-republique-arabe-syria","category-slide","category-sr-presidente","tag-al-assad-la-politica-de-algunos-paises-hacia-siria-se-baso-en-apoyar-el-terrorismo-y-la-descentralizacion-para-debilitar-la-autoridad-del-estado"],"_links":{"self":[{"href":"https:\/\/archive.sana.sy\/es\/index.php?rest_route=\/wp\/v2\/posts\/100676"}],"collection":[{"href":"https:\/\/archive.sana.sy\/es\/index.php?rest_route=\/wp\/v2\/posts"}],"about":[{"href":"https:\/\/archive.sana.sy\/es\/index.php?rest_route=\/wp\/v2\/types\/post"}],"author":[{"embeddable":true,"href":"https:\/\/archive.sana.sy\/es\/index.php?rest_route=\/wp\/v2\/users\/30"}],"replies":[{"embeddable":true,"href":"https:\/\/archive.sana.sy\/es\/index.php?rest_route=%2Fwp%2Fv2%2Fcomments&post=100676"}],"version-history":[{"count":0,"href":"https:\/\/archive.sana.sy\/es\/index.php?rest_route=\/wp\/v2\/posts\/100676\/revisions"}],"wp:featuredmedia":[{"embeddable":true,"href":"https:\/\/archive.sana.sy\/es\/index.php?rest_route=\/wp\/v2\/media\/100681"}],"wp:attachment":[{"href":"https:\/\/archive.sana.sy\/es\/index.php?rest_route=%2Fwp%2Fv2%2Fmedia&parent=100676"}],"wp:term":[{"taxonomy":"category","embeddable":true,"href":"https:\/\/archive.sana.sy\/es\/index.php?rest_route=%2Fwp%2Fv2%2Fcategories&post=100676"},{"taxonomy":"post_tag","embeddable":true,"href":"https:\/\/archive.sana.sy\/es\/index.php?rest_route=%2Fwp%2Fv2%2Ftags&post=100676"}],"curies":[{"name":"wp","href":"https:\/\/api.w.org\/{rel}","templated":true}]}}