{"id":100830,"date":"2019-02-19T10:55:09","date_gmt":"2019-02-19T08:55:09","guid":{"rendered":"https:\/\/www.sana.sy\/es\/?p=100830"},"modified":"2023-01-10T15:16:00","modified_gmt":"2023-01-10T13:16:00","slug":"empresarios-sirios-e-iranies-examinan-el-establecimiento-de-proyectos-conjuntos","status":"publish","type":"post","link":"https:\/\/archive.sana.sy\/es\/?p=100830","title":{"rendered":"Empresarios sirios e iran\u00edes examinan el establecimiento de proyectos conjuntos"},"content":{"rendered":"<p style=\"text-align: justify\"><span style=\"color: #800000\">Damasco, SANA<\/span><\/p>\n<p style=\"text-align: justify\">En una reuni\u00f3n sostenida en el hotel Dama Rose de la capital Damasco, decenas de empresarios sirios e iran\u00edes abordaron los mecanismos y las v\u00edas para establecer proyectos conjuntos entre ambas partes y contribuir al proceso de reconstrucci\u00f3n en Siria.<\/p>\n<p style=\"text-align: justify\">El embajador iran\u00ed en Damasco, Javad Turkabadi, dijo en unas palabras pronunciadas en la apertura de la reuni\u00f3n, que existen varios memorandos de entendimiento para la cooperaci\u00f3n en diferentes campos, adem\u00e1s de encontrar una base legal para el trabajo conjunto entre los dos pa\u00edses.<\/p>\n<p style=\"text-align: justify\">Revel\u00f3 que varias empresas iran\u00edes pretenden establecer proyectos para industrias pesadas en Siria, y asegur\u00f3 que Teher\u00e1n est\u00e1 dispuesto a ofrecer su experiencia en la reorganizaci\u00f3n de los barrios marginales.<\/p>\n<p style=\"text-align: justify\">A su vez, el jefe del \u00d3rgano de Inversiones de Siria, Madyan Diab, explic\u00f3 las oportunidades de inversi\u00f3n disponibles en Siria y las facilidades que el gobierno sirio proporciona a los inversionistas.<\/p>\n<p style=\"text-align: justify\">La viceministra de Econom\u00eda y Comercio Exteriores, Rania Ahmad, resalt\u00f3 el buen flujo de mercanc\u00edas entre los dos pa\u00edses, e indic\u00f3 que 88 mercanc\u00edas se han excluido de los derechos de aduana.<\/p>\n<p style=\"text-align: justify\"><span style=\"color: #0000ff\">F. Marouf\/ E. Dubian<\/span><\/p>\n","protected":false},"excerpt":{"rendered":"<p>Damasco, SANA En una reuni\u00f3n sostenida en el hotel Dama Rose de la capital Damasco, decenas de empresarios sirios e iran\u00edes abordaron los mecanismos y las v\u00edas para establecer proyectos conjuntos entre ambas partes y contribuir al proceso de reconstrucci\u00f3n en Siria. El embajador iran\u00ed en Damasco, Javad Turkabadi, dijo en unas palabras pronunciadas en &hellip;<\/p>\n","protected":false},"author":32,"featured_media":100831,"comment_status":"closed","ping_status":"closed","sticky":false,"template":"","format":"standard","meta":{"footnotes":""},"categories":[597,485,7541],"tags":[14433],"class_list":["post-100830","post","type-post","status-publish","format-standard","has-post-thumbnail","","category-cinta-de-noticias","category-informes-negocios-y-finanzas","category-ultimas-noticias","tag-empresarios-sirios-e-iranies-examinan-el-establecimiento-de-proyectos-conjuntos"],"_links":{"self":[{"href":"https:\/\/archive.sana.sy\/es\/index.php?rest_route=\/wp\/v2\/posts\/100830"}],"collection":[{"href":"https:\/\/archive.sana.sy\/es\/index.php?rest_route=\/wp\/v2\/posts"}],"about":[{"href":"https:\/\/archive.sana.sy\/es\/index.php?rest_route=\/wp\/v2\/types\/post"}],"author":[{"embeddable":true,"href":"https:\/\/archive.sana.sy\/es\/index.php?rest_route=\/wp\/v2\/users\/32"}],"replies":[{"embeddable":true,"href":"https:\/\/archive.sana.sy\/es\/index.php?rest_route=%2Fwp%2Fv2%2Fcomments&post=100830"}],"version-history":[{"count":0,"href":"https:\/\/archive.sana.sy\/es\/index.php?rest_route=\/wp\/v2\/posts\/100830\/revisions"}],"wp:featuredmedia":[{"embeddable":true,"href":"https:\/\/archive.sana.sy\/es\/index.php?rest_route=\/wp\/v2\/media\/100831"}],"wp:attachment":[{"href":"https:\/\/archive.sana.sy\/es\/index.php?rest_route=%2Fwp%2Fv2%2Fmedia&parent=100830"}],"wp:term":[{"taxonomy":"category","embeddable":true,"href":"https:\/\/archive.sana.sy\/es\/index.php?rest_route=%2Fwp%2Fv2%2Fcategories&post=100830"},{"taxonomy":"post_tag","embeddable":true,"href":"https:\/\/archive.sana.sy\/es\/index.php?rest_route=%2Fwp%2Fv2%2Ftags&post=100830"}],"curies":[{"name":"wp","href":"https:\/\/api.w.org\/{rel}","templated":true}]}}