{"id":100838,"date":"2019-02-19T12:13:31","date_gmt":"2019-02-19T10:13:31","guid":{"rendered":"https:\/\/www.sana.sy\/es\/?p=100838"},"modified":"2019-02-19T12:13:31","modified_gmt":"2019-02-19T10:13:31","slug":"cuba-reitera-su-firme-apoyo-a-siria-en-su-lucha-antiterrorista","status":"publish","type":"post","link":"https:\/\/archive.sana.sy\/es\/?p=100838","title":{"rendered":"Cuba reitera su firme apoyo a Siria en su lucha antiterrorista"},"content":{"rendered":"<p style=\"text-align: justify;\"><span style=\"color: #800000;\">La Habana, SANA<\/span><\/p>\n<p style=\"text-align: justify;\">El ministro de Cultura de Cuba, Alpidio Alonso Grau, expres\u00f3 el firme apoyo de su pa\u00eds a Siria en la batalla que est\u00e1 librando contra el terrorismo.<\/p>\n<p style=\"text-align: justify;\">Durante su reuni\u00f3n con el embajador sirio en Cuba, Idris Mayya, en la sede del Ministerio de Cultura en la capital La Habana, el ministro cubano reafirm\u00f3 el apoyo a una soluci\u00f3n pol\u00edtica a la crisis basada en el respeto de su soberan\u00eda de Siria y la no injerencia en sus asuntos internos.<\/p>\n<p style=\"text-align: justify;\">El titular cubano denunci\u00f3 la guerra sucia que se lanz\u00f3 contra Siria y alab\u00f3 la firmeza del pueblo sirio frente al terrorismo.<\/p>\n<p style=\"text-align: justify;\">&#8220;Siria y Cuba tienen dos culturas ricas y es importante que los pueblos de los dos pa\u00edses conozcan la cultura de uno al otro, lo cual fortalecer\u00eda las relaciones entre los dos pueblos amigos&#8221;, dijo el ministro de Cultura cubano.<\/p>\n<p style=\"text-align: justify;\">Por su parte el embajador Mayya reafirm\u00f3 la importancia de consolidar las relaciones entre Siria y Cuba, especialmente en el \u00e1mbito cultural y trabajar para organizar jornadas culturales en cada uno de los dos pa\u00edses, adem\u00e1s de lanzar una jornada sirio-cubana de Cine y exposiciones de artes pl\u00e1sticas.<\/p>\n<p style=\"text-align: justify;\"><span style=\"color: #0000ff;\">E. Dubian\/ F. Marouf<\/span><\/p>\n","protected":false},"excerpt":{"rendered":"<p>La Habana, SANA El ministro de Cultura de Cuba, Alpidio Alonso Grau, expres\u00f3 el firme apoyo de su pa\u00eds a Siria en la batalla que est\u00e1 librando contra el terrorismo. Durante su reuni\u00f3n con el embajador sirio en Cuba, Idris Mayya, en la sede del Ministerio de Cultura en la capital La Habana, el ministro &hellip;<\/p>\n","protected":false},"author":32,"featured_media":100839,"comment_status":"closed","ping_status":"closed","sticky":false,"template":"","format":"standard","meta":{"footnotes":""},"categories":[597,467,7541],"tags":[14435],"class_list":["post-100838","post","type-post","status-publish","format-standard","has-post-thumbnail","","category-cinta-de-noticias","category-siria-y-el-mundo","category-ultimas-noticias","tag-cuba-reitera-su-firme-apoyo-a-siria-en-su-lucha-antiterrorista"],"_links":{"self":[{"href":"https:\/\/archive.sana.sy\/es\/index.php?rest_route=\/wp\/v2\/posts\/100838"}],"collection":[{"href":"https:\/\/archive.sana.sy\/es\/index.php?rest_route=\/wp\/v2\/posts"}],"about":[{"href":"https:\/\/archive.sana.sy\/es\/index.php?rest_route=\/wp\/v2\/types\/post"}],"author":[{"embeddable":true,"href":"https:\/\/archive.sana.sy\/es\/index.php?rest_route=\/wp\/v2\/users\/32"}],"replies":[{"embeddable":true,"href":"https:\/\/archive.sana.sy\/es\/index.php?rest_route=%2Fwp%2Fv2%2Fcomments&post=100838"}],"version-history":[{"count":0,"href":"https:\/\/archive.sana.sy\/es\/index.php?rest_route=\/wp\/v2\/posts\/100838\/revisions"}],"wp:featuredmedia":[{"embeddable":true,"href":"https:\/\/archive.sana.sy\/es\/index.php?rest_route=\/wp\/v2\/media\/100839"}],"wp:attachment":[{"href":"https:\/\/archive.sana.sy\/es\/index.php?rest_route=%2Fwp%2Fv2%2Fmedia&parent=100838"}],"wp:term":[{"taxonomy":"category","embeddable":true,"href":"https:\/\/archive.sana.sy\/es\/index.php?rest_route=%2Fwp%2Fv2%2Fcategories&post=100838"},{"taxonomy":"post_tag","embeddable":true,"href":"https:\/\/archive.sana.sy\/es\/index.php?rest_route=%2Fwp%2Fv2%2Ftags&post=100838"}],"curies":[{"name":"wp","href":"https:\/\/api.w.org\/{rel}","templated":true}]}}