{"id":100842,"date":"2019-02-19T12:27:29","date_gmt":"2019-02-19T10:27:29","guid":{"rendered":"https:\/\/www.sana.sy\/es\/?p=100842"},"modified":"2019-02-19T19:33:49","modified_gmt":"2019-02-19T17:33:49","slug":"hay-que-liberar-a-idleb-y-toda-siria-del-terrorismo-afirma-bogdanov","status":"publish","type":"post","link":"https:\/\/archive.sana.sy\/es\/?p=100842","title":{"rendered":"Hay que liberar a Idleb y toda Siria del terrorismo, afirma Bogdanov"},"content":{"rendered":"<p style=\"text-align: justify\"><span style=\"color: #800000\">Mosc\u00fa, SANA<\/span><\/p>\n<p style=\"text-align: justify\">El viceministro de Exteriores de Rusia, Mikhail Bogdanov, reafirm\u00f3 la necesidad de eliminar a los terroristas en la provincia de Idleb y en todas las zonas sirias.<\/p>\n<p style=\"text-align: justify\">&#8220;Hay ciertas zonas en la periferia de Idleb que a\u00fan est\u00e1n siendo atacadas por los terroristas y hay que liberar todo el territorio sirio, y Mosc\u00fa est\u00e1 listo para cooperar con todos los pa\u00edses regionales y Estados Unidos para eliminar a los terroristas&#8221;, dijo el diplom\u00e1tico ruso en un discurso pronunciado durante el F\u00f3rum Internacional de Valdai en Mosc\u00fa.<\/p>\n<p style=\"text-align: justify\">El vicecanciller ruso enfatiz\u00f3 que &#8220;gracias a la firmeza del pueblo sirio y la ayuda de las fuerzas aeroespaciales rusas, el ej\u00e9rcito sirio ha erradicado el grupo terrorista Daesh, de la mayor\u00eda de las \u00e1reas en Siria.<\/p>\n<p style=\"text-align: justify\"><span style=\"color: #0000ff\">E. Dubian\/ F. Marouf<\/span><\/p>\n<p style=\"text-align: justify\">\n","protected":false},"excerpt":{"rendered":"<p>Mosc\u00fa, SANA El viceministro de Exteriores de Rusia, Mikhail Bogdanov, reafirm\u00f3 la necesidad de eliminar a los terroristas en la provincia de Idleb y en todas las zonas sirias. &#8220;Hay ciertas zonas en la periferia de Idleb que a\u00fan est\u00e1n siendo atacadas por los terroristas y hay que liberar todo el territorio sirio, y Mosc\u00fa &hellip;<\/p>\n","protected":false},"author":32,"featured_media":100890,"comment_status":"closed","ping_status":"closed","sticky":false,"template":"","format":"standard","meta":{"footnotes":""},"categories":[597,467,7541],"tags":[],"class_list":["post-100842","post","type-post","status-publish","format-standard","has-post-thumbnail","","category-cinta-de-noticias","category-siria-y-el-mundo","category-ultimas-noticias"],"_links":{"self":[{"href":"https:\/\/archive.sana.sy\/es\/index.php?rest_route=\/wp\/v2\/posts\/100842"}],"collection":[{"href":"https:\/\/archive.sana.sy\/es\/index.php?rest_route=\/wp\/v2\/posts"}],"about":[{"href":"https:\/\/archive.sana.sy\/es\/index.php?rest_route=\/wp\/v2\/types\/post"}],"author":[{"embeddable":true,"href":"https:\/\/archive.sana.sy\/es\/index.php?rest_route=\/wp\/v2\/users\/32"}],"replies":[{"embeddable":true,"href":"https:\/\/archive.sana.sy\/es\/index.php?rest_route=%2Fwp%2Fv2%2Fcomments&post=100842"}],"version-history":[{"count":0,"href":"https:\/\/archive.sana.sy\/es\/index.php?rest_route=\/wp\/v2\/posts\/100842\/revisions"}],"wp:featuredmedia":[{"embeddable":true,"href":"https:\/\/archive.sana.sy\/es\/index.php?rest_route=\/wp\/v2\/media\/100890"}],"wp:attachment":[{"href":"https:\/\/archive.sana.sy\/es\/index.php?rest_route=%2Fwp%2Fv2%2Fmedia&parent=100842"}],"wp:term":[{"taxonomy":"category","embeddable":true,"href":"https:\/\/archive.sana.sy\/es\/index.php?rest_route=%2Fwp%2Fv2%2Fcategories&post=100842"},{"taxonomy":"post_tag","embeddable":true,"href":"https:\/\/archive.sana.sy\/es\/index.php?rest_route=%2Fwp%2Fv2%2Ftags&post=100842"}],"curies":[{"name":"wp","href":"https:\/\/api.w.org\/{rel}","templated":true}]}}