{"id":100854,"date":"2019-02-19T14:40:16","date_gmt":"2019-02-19T12:40:16","guid":{"rendered":"https:\/\/www.sana.sy\/es\/?p=100854"},"modified":"2019-02-19T18:10:24","modified_gmt":"2019-02-19T16:10:24","slug":"el-ejercito-lleva-a-cabo-operaciones-intensivas-en-posiciones-de-terroristas-al-norte-de-hama","status":"publish","type":"post","link":"https:\/\/archive.sana.sy\/es\/?p=100854","title":{"rendered":"El Ej\u00e9rcito lleva a cabo operaciones intensivas en posiciones de terroristas al norte de Hama"},"content":{"rendered":"<p style=\"text-align: justify\"><span style=\"color: #800000\">Hama, SANA<\/span><\/p>\n<p style=\"text-align: justify\">El ej\u00e9rcito \u00e1rabe sirio realiz\u00f3 el martes operaciones intensivas contra posiciones del &#8220;Partido Turkist\u00e1n&#8221; en las afueras de la ciudad de al-Ziyara en la llanura de al-Ghab, al norte de Hama.<\/p>\n<p style=\"text-align: justify\">El reportero de SANA dijo que las operaciones causaron bajas mortales y heridos entre los terroristas.<\/p>\n<p style=\"text-align: justify\">El periodista agreg\u00f3 que las unidades del ej\u00e9rcito tomaron por blanco posiciones y movimientos de grupos terroristas en las aldeas de Khirbet Naqous, al-Janabra y Tal Sakher en el campo norte\u00f1o de Hama.<\/p>\n<p style=\"text-align: justify\"><span style=\"color: #0000ff\">E. Dubian\/ Riad Sh.<\/span><\/p>\n","protected":false},"excerpt":{"rendered":"<p>Hama, SANA El ej\u00e9rcito \u00e1rabe sirio realiz\u00f3 el martes operaciones intensivas contra posiciones del &#8220;Partido Turkist\u00e1n&#8221; en las afueras de la ciudad de al-Ziyara en la llanura de al-Ghab, al norte de Hama. El reportero de SANA dijo que las operaciones causaron bajas mortales y heridos entre los terroristas. El periodista agreg\u00f3 que las unidades &hellip;<\/p>\n","protected":false},"author":32,"featured_media":100855,"comment_status":"closed","ping_status":"closed","sticky":false,"template":"","format":"standard","meta":{"footnotes":""},"categories":[597,573,583],"tags":[14436],"class_list":["post-100854","post","type-post","status-publish","format-standard","has-post-thumbnail","","category-cinta-de-noticias","category-la-realidad-de-los-acontecimientos-en-siria","category-slide","tag-el-ejercito-lleva-a-cabo-operaciones-intensivas-en-posiciones-de-terroristas-al-norte-de-hama"],"_links":{"self":[{"href":"https:\/\/archive.sana.sy\/es\/index.php?rest_route=\/wp\/v2\/posts\/100854"}],"collection":[{"href":"https:\/\/archive.sana.sy\/es\/index.php?rest_route=\/wp\/v2\/posts"}],"about":[{"href":"https:\/\/archive.sana.sy\/es\/index.php?rest_route=\/wp\/v2\/types\/post"}],"author":[{"embeddable":true,"href":"https:\/\/archive.sana.sy\/es\/index.php?rest_route=\/wp\/v2\/users\/32"}],"replies":[{"embeddable":true,"href":"https:\/\/archive.sana.sy\/es\/index.php?rest_route=%2Fwp%2Fv2%2Fcomments&post=100854"}],"version-history":[{"count":0,"href":"https:\/\/archive.sana.sy\/es\/index.php?rest_route=\/wp\/v2\/posts\/100854\/revisions"}],"wp:featuredmedia":[{"embeddable":true,"href":"https:\/\/archive.sana.sy\/es\/index.php?rest_route=\/wp\/v2\/media\/100855"}],"wp:attachment":[{"href":"https:\/\/archive.sana.sy\/es\/index.php?rest_route=%2Fwp%2Fv2%2Fmedia&parent=100854"}],"wp:term":[{"taxonomy":"category","embeddable":true,"href":"https:\/\/archive.sana.sy\/es\/index.php?rest_route=%2Fwp%2Fv2%2Fcategories&post=100854"},{"taxonomy":"post_tag","embeddable":true,"href":"https:\/\/archive.sana.sy\/es\/index.php?rest_route=%2Fwp%2Fv2%2Ftags&post=100854"}],"curies":[{"name":"wp","href":"https:\/\/api.w.org\/{rel}","templated":true}]}}