{"id":100858,"date":"2019-02-19T15:38:05","date_gmt":"2019-02-19T13:38:05","guid":{"rendered":"https:\/\/www.sana.sy\/es\/?p=100858"},"modified":"2019-02-19T15:41:12","modified_gmt":"2019-02-19T13:41:12","slug":"lavrov-estados-unidos-esta-ilegalmente-en-siria-y-su-retirada-restablecera-la-estabilidad","status":"publish","type":"post","link":"https:\/\/archive.sana.sy\/es\/?p=100858","title":{"rendered":"Lavrov: Estados Unidos est\u00e1 ilegalmente en Siria y su retirada restablecer\u00e1 la estabilidad"},"content":{"rendered":"<p style=\"text-align: justify;\"><span style=\"color: #800000;\">Mosc\u00fa, SANA<\/span><\/p>\n<p style=\"text-align: justify;\">El ministro de Relaciones Exteriores ruso, Sergei Lavrov, ha reafirmado que Estados Unidos se encuentra ilegalmente en Siria bajo el pretexto de la lucha contra el terrorismo, aduciendo que su retiro restablecer\u00e1 la estabilidad en ese pa\u00eds.<\/p>\n<p style=\"text-align: justify;\">En una conferencia de prensa conjunta celebrada en Mosc\u00fa con su hom\u00f3logo eslovaco, Miroslav Lajcak, Lavrov dijo que las medidas de Estados Unidos en Siria son peligrosas y apuntan a fragmentarla y dificultar la reconstrucci\u00f3n, lo cual es inaceptable y contrario a leyes internacionales.<\/p>\n<p style=\"text-align: justify;\">Lavrov agreg\u00f3 que a la comunidad internacional coincide sobre la necesidad de preservar la unidad del territorio sirio y la eliminaci\u00f3n del terrorismo, pero no es lo mismo para los Estados Unidos que buscan alcanzar sus propios intereses.<\/p>\n<p style=\"text-align: justify;\">Lavrov: Rusia continuar\u00e1 apoyando los esfuerzos para alcanzar un arreglo pol\u00edtico a la crisis en Siria<\/p>\n<p style=\"text-align: justify;\">El ministro de Relaciones Exteriores ruso, Sergei Lavrov, dijo que Rusia sigue apoyando los esfuerzos para alcanzar un arreglo pol\u00edtico a la crisis en Siria.<\/p>\n<p style=\"text-align: justify;\">En un mensaje dirigido a los participantes en la Conferencia Internacional Valdai en Mosc\u00fa, le\u00eddo por el viceministro de Relaciones Exteriores de Rusia, Mikhail Bogdanov, Lavrov subray\u00f3 que Rusia continuamente exige superar las crisis en la regi\u00f3n por medios pol\u00edticos y la diplomacia y sobre la base del di\u00e1logo nacional y el respeto al derecho internacional.<\/p>\n<p style=\"text-align: justify;\"><span style=\"color: #0000ff;\">E. Dubian\/ Riad Sh.\u00a0<\/span><\/p>\n","protected":false},"excerpt":{"rendered":"<p>Mosc\u00fa, SANA El ministro de Relaciones Exteriores ruso, Sergei Lavrov, ha reafirmado que Estados Unidos se encuentra ilegalmente en Siria bajo el pretexto de la lucha contra el terrorismo, aduciendo que su retiro restablecer\u00e1 la estabilidad en ese pa\u00eds. En una conferencia de prensa conjunta celebrada en Mosc\u00fa con su hom\u00f3logo eslovaco, Miroslav Lajcak, Lavrov &hellip;<\/p>\n","protected":false},"author":32,"featured_media":100859,"comment_status":"closed","ping_status":"closed","sticky":false,"template":"","format":"standard","meta":{"footnotes":""},"categories":[597,467,7541],"tags":[14437],"class_list":["post-100858","post","type-post","status-publish","format-standard","has-post-thumbnail","","category-cinta-de-noticias","category-siria-y-el-mundo","category-ultimas-noticias","tag-lavrov-estados-unidos-esta-ilegalmente-en-siria-y-su-retirada-restablecera-la-estabilidad"],"_links":{"self":[{"href":"https:\/\/archive.sana.sy\/es\/index.php?rest_route=\/wp\/v2\/posts\/100858"}],"collection":[{"href":"https:\/\/archive.sana.sy\/es\/index.php?rest_route=\/wp\/v2\/posts"}],"about":[{"href":"https:\/\/archive.sana.sy\/es\/index.php?rest_route=\/wp\/v2\/types\/post"}],"author":[{"embeddable":true,"href":"https:\/\/archive.sana.sy\/es\/index.php?rest_route=\/wp\/v2\/users\/32"}],"replies":[{"embeddable":true,"href":"https:\/\/archive.sana.sy\/es\/index.php?rest_route=%2Fwp%2Fv2%2Fcomments&post=100858"}],"version-history":[{"count":0,"href":"https:\/\/archive.sana.sy\/es\/index.php?rest_route=\/wp\/v2\/posts\/100858\/revisions"}],"wp:featuredmedia":[{"embeddable":true,"href":"https:\/\/archive.sana.sy\/es\/index.php?rest_route=\/wp\/v2\/media\/100859"}],"wp:attachment":[{"href":"https:\/\/archive.sana.sy\/es\/index.php?rest_route=%2Fwp%2Fv2%2Fmedia&parent=100858"}],"wp:term":[{"taxonomy":"category","embeddable":true,"href":"https:\/\/archive.sana.sy\/es\/index.php?rest_route=%2Fwp%2Fv2%2Fcategories&post=100858"},{"taxonomy":"post_tag","embeddable":true,"href":"https:\/\/archive.sana.sy\/es\/index.php?rest_route=%2Fwp%2Fv2%2Ftags&post=100858"}],"curies":[{"name":"wp","href":"https:\/\/api.w.org\/{rel}","templated":true}]}}