{"id":100862,"date":"2019-02-19T15:48:21","date_gmt":"2019-02-19T13:48:21","guid":{"rendered":"https:\/\/www.sana.sy\/es\/?p=100862"},"modified":"2023-01-09T14:08:49","modified_gmt":"2023-01-09T12:08:49","slug":"apertura-de-dos-corredores-humanitarios-para-evacuar-a-ciudadanos-desplazados-retenidos-en-el-campamento-de-rukban","status":"publish","type":"post","link":"https:\/\/archive.sana.sy\/es\/?p=100862","title":{"rendered":"Apertura de dos corredores humanitarios para evacuar a ciudadanos desplazados retenidos en el campamento de Rukban"},"content":{"rendered":"<p style=\"text-align: justify;\"><span style=\"color: #800000;\">Homs, SANA<\/span><\/p>\n<p style=\"text-align: justify;\">Hoy se abrieron dos corredores humanitarios para evacuar a las personas desplazadas retenidas por las fuerzas de ocupaci\u00f3n estadounidense y sus mercenarios terroristas en el campamento de al-Rukban en la zona de al-Tanf.<\/p>\n<p style=\"text-align: justify;\">Los Comit\u00e9s de Coordinaci\u00f3n Conjuntos de Siria y Rusia proclamaron anteayer su compromiso de abrir dos corredores humanitarios para el regreso de los desplazados retenidos en el campamento de al- Rukban, donde se han instalado centros para facilitar la salida segura de los ciudadanos desplazados y su regreso a cualquier \u00e1rea que elijan, mientras tanto las unidades del ej\u00e9rcito \u00e1rabe sirio en cooperaci\u00f3n con la polic\u00eda rusa, son responsables de garantizar la seguridad de los desplazados y de acompa\u00f1arlos a los nuevos lugares de residencia.<\/p>\n<p style=\"text-align: justify;\">El comandante del Centro de Gesti\u00f3n de la Defensa Nacional de la Federaci\u00f3n Rusa, Coronel General Mikhail Mizintsev, dijo que se hab\u00edan abierto dos corredores humanitarios en las localidades de Jleghim y Jabal Ghurban alrededor del \u00e1rea del Tanf para permitir la evacuaci\u00f3n de civiles del campamento de Rukban<\/p>\n<p style=\"text-align: justify;\">&#8220;La situaci\u00f3n en el campamento es desastrosa y los civiles son rehenes de grupos terroristas controlados por Estados Unidos y viven en horrendas circunstancias a pesar del ingreso de dos convoyes humanitarios al campamento&#8221;, dijo el Coronel General Mizintsev<\/p>\n<p style=\"text-align: justify;\">Mizintsev a\u00f1adi\u00f3 que los participantes en la misi\u00f3n humanitaria de las Naciones Unidas, quienes visitaron el campamento, confirmaron la falta de atenci\u00f3n m\u00e9dica esencial en el campamento y cualquier tipo de asistencia m\u00e9dica para ni\u00f1os y mujeres.<\/p>\n<p style=\"text-align: justify;\"><span style=\"color: #0000ff;\">E. Dubian\/ Riad Sh.<\/span><\/p>\n","protected":false},"excerpt":{"rendered":"<p>Homs, SANA Hoy se abrieron dos corredores humanitarios para evacuar a las personas desplazadas retenidas por las fuerzas de ocupaci\u00f3n estadounidense y sus mercenarios terroristas en el campamento de al-Rukban en la zona de al-Tanf. Los Comit\u00e9s de Coordinaci\u00f3n Conjuntos de Siria y Rusia proclamaron anteayer su compromiso de abrir dos corredores humanitarios para el &hellip;<\/p>\n","protected":false},"author":32,"featured_media":100863,"comment_status":"closed","ping_status":"closed","sticky":false,"template":"","format":"standard","meta":{"footnotes":""},"categories":[597,476,7541],"tags":[14438],"class_list":["post-100862","post","type-post","status-publish","format-standard","has-post-thumbnail","","category-cinta-de-noticias","category-locales","category-ultimas-noticias","tag-apertura-de-dos-corredores-humanitarios-para-evacuar-a-ciudadanos-desplazados-retenidos-en-el-campamento-de-rukban"],"_links":{"self":[{"href":"https:\/\/archive.sana.sy\/es\/index.php?rest_route=\/wp\/v2\/posts\/100862"}],"collection":[{"href":"https:\/\/archive.sana.sy\/es\/index.php?rest_route=\/wp\/v2\/posts"}],"about":[{"href":"https:\/\/archive.sana.sy\/es\/index.php?rest_route=\/wp\/v2\/types\/post"}],"author":[{"embeddable":true,"href":"https:\/\/archive.sana.sy\/es\/index.php?rest_route=\/wp\/v2\/users\/32"}],"replies":[{"embeddable":true,"href":"https:\/\/archive.sana.sy\/es\/index.php?rest_route=%2Fwp%2Fv2%2Fcomments&post=100862"}],"version-history":[{"count":0,"href":"https:\/\/archive.sana.sy\/es\/index.php?rest_route=\/wp\/v2\/posts\/100862\/revisions"}],"wp:featuredmedia":[{"embeddable":true,"href":"https:\/\/archive.sana.sy\/es\/index.php?rest_route=\/wp\/v2\/media\/100863"}],"wp:attachment":[{"href":"https:\/\/archive.sana.sy\/es\/index.php?rest_route=%2Fwp%2Fv2%2Fmedia&parent=100862"}],"wp:term":[{"taxonomy":"category","embeddable":true,"href":"https:\/\/archive.sana.sy\/es\/index.php?rest_route=%2Fwp%2Fv2%2Fcategories&post=100862"},{"taxonomy":"post_tag","embeddable":true,"href":"https:\/\/archive.sana.sy\/es\/index.php?rest_route=%2Fwp%2Fv2%2Ftags&post=100862"}],"curies":[{"name":"wp","href":"https:\/\/api.w.org\/{rel}","templated":true}]}}