{"id":100969,"date":"2019-02-20T19:37:14","date_gmt":"2019-02-20T17:37:14","guid":{"rendered":"https:\/\/sana.sy\/es\/?p=100969"},"modified":"2019-02-21T12:31:47","modified_gmt":"2019-02-21T10:31:47","slug":"vuelva-nuevo-grupo-de-desplazados-sirios-desde-jordania","status":"publish","type":"post","link":"https:\/\/archive.sana.sy\/es\/?p=100969","title":{"rendered":"M\u00e1s de 13 mil refugiados residentes en Jordania retornan a trav\u00e9s del cruce fronterizo de Nassib"},"content":{"rendered":"<p style=\"text-align: justify;\"><span style=\"color: #800000;\">Deraa, SANA<\/span><\/p>\n<p style=\"text-align: justify;\">Procedentes del campamento de refugiados Al-Azrak en Jordania, decenas de refugiados sirios, entre ellos ni\u00f1os y mujeres, cruzaron en las \u00faltimas 24 horas el cruce fronterizo Nassib-Jaber con Jordania, para regresar a sus hogares en los poblados y ciudades liberadas del terrorismo por el ej\u00e9rcito sirio.<\/p>\n<p style=\"text-align: justify;\">Las autoridades competentes hab\u00edan preparado autobuses para trasladar a los refugiados retornados a sus poblados de los que fueron deportados por los grupos terroristas que ocupaban partes de la provincia de Deraa.<\/p>\n<p style=\"text-align: justify;\">Asimismo, fueron instalados puntos m\u00e9dicos en el cruce fronterizo para prestar a los retornados chequeos m\u00e9dicos gratuitos y vacunas para los ni\u00f1os.<\/p>\n<p style=\"text-align: justify;\">El jefe del Centro de Migraci\u00f3n y Pasaportes en el cruce fronterizo de Nassib, el coronel Mazen Ghandour, declar\u00f3 que se registr\u00f3 el retorno desde Jordania de m\u00e1s de 13.100 refugiados sirios a trav\u00e9s del cruce.<\/p>\n<p style=\"text-align: justify;\"><span style=\"color: #0000ff;\">R. Rashed\/ F. Marouf\/ Lynn A.<\/span><\/p>\n<p style=\"text-align: justify;\"><img decoding=\"async\" src=\"http:\/\/www.sana.sy\/wp-content\/uploads\/2019\/02\/333-3.jpg\" \/><\/p>\n","protected":false},"excerpt":{"rendered":"<p>Deraa, SANA Procedentes del campamento de refugiados Al-Azrak en Jordania, decenas de refugiados sirios, entre ellos ni\u00f1os y mujeres, cruzaron en las \u00faltimas 24 horas el cruce fronterizo Nassib-Jaber con Jordania, para regresar a sus hogares en los poblados y ciudades liberadas del terrorismo por el ej\u00e9rcito sirio. Las autoridades competentes hab\u00edan preparado autobuses para &hellip;<\/p>\n","protected":false},"author":31,"featured_media":100970,"comment_status":"closed","ping_status":"closed","sticky":false,"template":"","format":"standard","meta":{"footnotes":""},"categories":[597,476,583],"tags":[14456],"class_list":["post-100969","post","type-post","status-publish","format-standard","has-post-thumbnail","","category-cinta-de-noticias","category-locales","category-slide","tag-mas-de-13-mil-refugiados-residentes-en-jordania-retornan-a-traves-del-cruce-fronterizo-de-nassib"],"_links":{"self":[{"href":"https:\/\/archive.sana.sy\/es\/index.php?rest_route=\/wp\/v2\/posts\/100969"}],"collection":[{"href":"https:\/\/archive.sana.sy\/es\/index.php?rest_route=\/wp\/v2\/posts"}],"about":[{"href":"https:\/\/archive.sana.sy\/es\/index.php?rest_route=\/wp\/v2\/types\/post"}],"author":[{"embeddable":true,"href":"https:\/\/archive.sana.sy\/es\/index.php?rest_route=\/wp\/v2\/users\/31"}],"replies":[{"embeddable":true,"href":"https:\/\/archive.sana.sy\/es\/index.php?rest_route=%2Fwp%2Fv2%2Fcomments&post=100969"}],"version-history":[{"count":0,"href":"https:\/\/archive.sana.sy\/es\/index.php?rest_route=\/wp\/v2\/posts\/100969\/revisions"}],"wp:featuredmedia":[{"embeddable":true,"href":"https:\/\/archive.sana.sy\/es\/index.php?rest_route=\/wp\/v2\/media\/100970"}],"wp:attachment":[{"href":"https:\/\/archive.sana.sy\/es\/index.php?rest_route=%2Fwp%2Fv2%2Fmedia&parent=100969"}],"wp:term":[{"taxonomy":"category","embeddable":true,"href":"https:\/\/archive.sana.sy\/es\/index.php?rest_route=%2Fwp%2Fv2%2Fcategories&post=100969"},{"taxonomy":"post_tag","embeddable":true,"href":"https:\/\/archive.sana.sy\/es\/index.php?rest_route=%2Fwp%2Fv2%2Ftags&post=100969"}],"curies":[{"name":"wp","href":"https:\/\/api.w.org\/{rel}","templated":true}]}}