{"id":100972,"date":"2019-02-20T19:40:04","date_gmt":"2019-02-20T17:40:04","guid":{"rendered":"https:\/\/sana.sy\/es\/?p=100972"},"modified":"2019-02-20T19:40:04","modified_gmt":"2019-02-20T17:40:04","slug":"bogdanov-hay-que-erradicar-el-terrorismo-de-idleb","status":"publish","type":"post","link":"https:\/\/archive.sana.sy\/es\/?p=100972","title":{"rendered":"Bogdanov: Hay que erradicar el terrorismo de Idleb"},"content":{"rendered":"<p><span style=\"color: #800000;\">Mosc\u00fa, SANA <\/span><\/p>\n<p style=\"text-align: justify;\">El viceministro de Exteriores de Rusia para los asuntos del Oriente Medio, Mikhail Bogdanov, reiter\u00f3 este mi\u00e9rcoles, en una rueda de prensa la urgente necesidad de eliminar el terrorismo en Idleb.<\/p>\n<p style=\"text-align: justify;\">\u201cEsto es inevitable \u2026.ya que es necesario erradicar inmediatamente a aquellos terroristas que se niegan a deponer sus armas\u201d, afirm\u00f3 Bogdanov.<\/p>\n<p style=\"text-align: justify;\">\u201cEl tema principal de las conversaciones, que sostenemos en septiembre pasado, con los funcionarios turcos y las otras partes pertinentes, gir\u00f3 en torno a dicho asunto en particular\u201d, a\u00f1adi\u00f3 Bogdanov.<\/p>\n<p><span style=\"color: #0000ff;\">R. Rashed\/ Lynn A.<\/span><\/p>\n","protected":false},"excerpt":{"rendered":"<p>Mosc\u00fa, SANA El viceministro de Exteriores de Rusia para los asuntos del Oriente Medio, Mikhail Bogdanov, reiter\u00f3 este mi\u00e9rcoles, en una rueda de prensa la urgente necesidad de eliminar el terrorismo en Idleb. \u201cEsto es inevitable \u2026.ya que es necesario erradicar inmediatamente a aquellos terroristas que se niegan a deponer sus armas\u201d, afirm\u00f3 Bogdanov. \u201cEl &hellip;<\/p>\n","protected":false},"author":31,"featured_media":100973,"comment_status":"closed","ping_status":"closed","sticky":false,"template":"","format":"standard","meta":{"footnotes":""},"categories":[597,467],"tags":[14449],"class_list":["post-100972","post","type-post","status-publish","format-standard","has-post-thumbnail","","category-cinta-de-noticias","category-siria-y-el-mundo","tag-bogdanov-hay-que-erradicar-el-terrorismo-de-idleb"],"_links":{"self":[{"href":"https:\/\/archive.sana.sy\/es\/index.php?rest_route=\/wp\/v2\/posts\/100972"}],"collection":[{"href":"https:\/\/archive.sana.sy\/es\/index.php?rest_route=\/wp\/v2\/posts"}],"about":[{"href":"https:\/\/archive.sana.sy\/es\/index.php?rest_route=\/wp\/v2\/types\/post"}],"author":[{"embeddable":true,"href":"https:\/\/archive.sana.sy\/es\/index.php?rest_route=\/wp\/v2\/users\/31"}],"replies":[{"embeddable":true,"href":"https:\/\/archive.sana.sy\/es\/index.php?rest_route=%2Fwp%2Fv2%2Fcomments&post=100972"}],"version-history":[{"count":0,"href":"https:\/\/archive.sana.sy\/es\/index.php?rest_route=\/wp\/v2\/posts\/100972\/revisions"}],"wp:featuredmedia":[{"embeddable":true,"href":"https:\/\/archive.sana.sy\/es\/index.php?rest_route=\/wp\/v2\/media\/100973"}],"wp:attachment":[{"href":"https:\/\/archive.sana.sy\/es\/index.php?rest_route=%2Fwp%2Fv2%2Fmedia&parent=100972"}],"wp:term":[{"taxonomy":"category","embeddable":true,"href":"https:\/\/archive.sana.sy\/es\/index.php?rest_route=%2Fwp%2Fv2%2Fcategories&post=100972"},{"taxonomy":"post_tag","embeddable":true,"href":"https:\/\/archive.sana.sy\/es\/index.php?rest_route=%2Fwp%2Fv2%2Ftags&post=100972"}],"curies":[{"name":"wp","href":"https:\/\/api.w.org\/{rel}","templated":true}]}}