{"id":100981,"date":"2019-02-20T20:39:46","date_gmt":"2019-02-20T18:39:46","guid":{"rendered":"https:\/\/www.sana.sy\/es\/?p=100981"},"modified":"2019-02-20T20:39:46","modified_gmt":"2019-02-20T18:39:46","slug":"rusia-llamados-de-occidente-para-celebrar-elecciones-anticipadas-en-venezuela-es-una-intervencion-directa-en-los-asuntos-de-dicho-pais","status":"publish","type":"post","link":"https:\/\/archive.sana.sy\/es\/?p=100981","title":{"rendered":"Rusia: Llamados de Occidente para celebrar elecciones anticipadas en Venezuela es una intervenci\u00f3n directa en los asuntos de dicho pa\u00eds"},"content":{"rendered":"<p style=\"text-align: justify\"><span style=\"color: #800000\">Caracas, SANA<\/span><\/p>\n<p style=\"text-align: justify\">El embajador de Rusia en Venezuela, Vladimir Zayemsky, tach\u00f3 la convocaci\u00f3n a elecciones presidenciales anticipadas en Venezuela por Occidente de \u201cuna intervenci\u00f3n directa en los asuntos internos de este pa\u00eds\u201d.<\/p>\n<p style=\"text-align: justify\">Entrevistado por la agencia Tass, Zayemsky precis\u00f3 que \u201cen nuestra opini\u00f3n, esto es una intervenci\u00f3n directa en los asuntos internos del pa\u00eds, y Mosc\u00fa no tiene la intenci\u00f3n de apoyar tal iniciativa&#8221;.<\/p>\n<p style=\"text-align: justify\">Agreg\u00f3 que si el presidente venezolano leg\u00edtimo, Nicol\u00e1s Maduro tomar\u00e1 la decisi\u00f3n de celebrar esas elecciones bas\u00e1ndose en un di\u00e1logo nacional, Rusia no ve obst\u00e1culos en el reconocimiento de sus resultados.<\/p>\n<p style=\"text-align: justify\">Fustig\u00f3 que los pa\u00edses occidentales pidieron la celebraci\u00f3n de nuevas elecciones presidenciales y pusieron un ultim\u00e1tum a este proceso sin tener en cuenta la situaci\u00f3n de la pol\u00edtica interna en el pa\u00eds latinoamericano o la Constituci\u00f3n venezolana.<\/p>\n<p style=\"text-align: justify\">Lynn A.<\/p>\n","protected":false},"excerpt":{"rendered":"<p>Caracas, SANA El embajador de Rusia en Venezuela, Vladimir Zayemsky, tach\u00f3 la convocaci\u00f3n a elecciones presidenciales anticipadas en Venezuela por Occidente de \u201cuna intervenci\u00f3n directa en los asuntos internos de este pa\u00eds\u201d. Entrevistado por la agencia Tass, Zayemsky precis\u00f3 que \u201cen nuestra opini\u00f3n, esto es una intervenci\u00f3n directa en los asuntos internos del pa\u00eds, y &hellip;<\/p>\n","protected":false},"author":24,"featured_media":72018,"comment_status":"closed","ping_status":"closed","sticky":false,"template":"","format":"standard","meta":{"footnotes":""},"categories":[456],"tags":[],"class_list":["post-100981","post","type-post","status-publish","format-standard","has-post-thumbnail","","category-arabe-internacional-politica"],"_links":{"self":[{"href":"https:\/\/archive.sana.sy\/es\/index.php?rest_route=\/wp\/v2\/posts\/100981"}],"collection":[{"href":"https:\/\/archive.sana.sy\/es\/index.php?rest_route=\/wp\/v2\/posts"}],"about":[{"href":"https:\/\/archive.sana.sy\/es\/index.php?rest_route=\/wp\/v2\/types\/post"}],"author":[{"embeddable":true,"href":"https:\/\/archive.sana.sy\/es\/index.php?rest_route=\/wp\/v2\/users\/24"}],"replies":[{"embeddable":true,"href":"https:\/\/archive.sana.sy\/es\/index.php?rest_route=%2Fwp%2Fv2%2Fcomments&post=100981"}],"version-history":[{"count":0,"href":"https:\/\/archive.sana.sy\/es\/index.php?rest_route=\/wp\/v2\/posts\/100981\/revisions"}],"wp:featuredmedia":[{"embeddable":true,"href":"https:\/\/archive.sana.sy\/es\/index.php?rest_route=\/wp\/v2\/media\/72018"}],"wp:attachment":[{"href":"https:\/\/archive.sana.sy\/es\/index.php?rest_route=%2Fwp%2Fv2%2Fmedia&parent=100981"}],"wp:term":[{"taxonomy":"category","embeddable":true,"href":"https:\/\/archive.sana.sy\/es\/index.php?rest_route=%2Fwp%2Fv2%2Fcategories&post=100981"},{"taxonomy":"post_tag","embeddable":true,"href":"https:\/\/archive.sana.sy\/es\/index.php?rest_route=%2Fwp%2Fv2%2Ftags&post=100981"}],"curies":[{"name":"wp","href":"https:\/\/api.w.org\/{rel}","templated":true}]}}