{"id":100983,"date":"2019-02-20T21:14:43","date_gmt":"2019-02-20T19:14:43","guid":{"rendered":"https:\/\/sana.sy\/es\/?p=100983"},"modified":"2023-01-10T15:16:00","modified_gmt":"2023-01-10T13:16:00","slug":"turoperador-frances-realiza-viajes-turisticos-a-siria-a-partir-de-abril","status":"publish","type":"post","link":"https:\/\/archive.sana.sy\/es\/?p=100983","title":{"rendered":"Turoperador franc\u00e9s realiza viajes tur\u00edsticos a Siria a partir de abril"},"content":{"rendered":"<p><span style=\"color: #800000;\">Damasco, SANA <\/span><\/p>\n<p style=\"text-align: justify;\">Turoperador franc\u00e9s \u201cClio\u201d ofreci\u00f3 un itinerario tur\u00edstico a Siria para dar a conocer su gran patrimonio cultural e hist\u00f3rico.<\/p>\n<p style=\"text-align: justify;\">El viceministro de turismo, Ing. Bassam Barsik, detall\u00f3 en declaraciones a SANA que a partir del pr\u00f3ximo mes de abril, el turoperador franc\u00e9s \u201cClio\u201d realizar\u00e1 viajes a Siria, , que incluir\u00e1n recorridos en varios sitios tur\u00edsticos en Damasco, Latakia, Palmira, Homs y Maaloula.<\/p>\n<p style=\"text-align: justify;\">El viaje durar\u00e1 10 d\u00edas y costar\u00e1 un monto no superior a tres mil euros inclusive el alojamiento y el transporte, a\u00f1adi\u00f3 Barsik.<br \/>\nAgreg\u00f3 que \u201cantes de la guerra, el turoperador franc\u00e9s colaboraba con oficinas de turismo sirias, y recientemente el mismo ha comunicado oficialmente con varias agencias de turismo sirias\u201d.<\/p>\n<p style=\"text-align: justify;\">Inform\u00f3 que \u201cel primer grupo llegar\u00e1 el pr\u00f3ximo mes de abril y se espera organizar cuatro viajes m\u00e1s este a\u00f1o\u201d.<\/p>\n<p><span style=\"color: #0000ff;\">R. Rashed\/ Lynn A.<\/span><\/p>\n","protected":false},"excerpt":{"rendered":"<p>Damasco, SANA Turoperador franc\u00e9s \u201cClio\u201d ofreci\u00f3 un itinerario tur\u00edstico a Siria para dar a conocer su gran patrimonio cultural e hist\u00f3rico. El viceministro de turismo, Ing. Bassam Barsik, detall\u00f3 en declaraciones a SANA que a partir del pr\u00f3ximo mes de abril, el turoperador franc\u00e9s \u201cClio\u201d realizar\u00e1 viajes a Siria, , que incluir\u00e1n recorridos en varios &hellip;<\/p>\n","protected":false},"author":31,"featured_media":100984,"comment_status":"closed","ping_status":"closed","sticky":false,"template":"","format":"standard","meta":{"footnotes":""},"categories":[597,485],"tags":[14450],"class_list":["post-100983","post","type-post","status-publish","format-standard","has-post-thumbnail","","category-cinta-de-noticias","category-informes-negocios-y-finanzas","tag-turoperador-frances-realiza-viajes-turisticos-a-siria-a-partir-de-abril"],"_links":{"self":[{"href":"https:\/\/archive.sana.sy\/es\/index.php?rest_route=\/wp\/v2\/posts\/100983"}],"collection":[{"href":"https:\/\/archive.sana.sy\/es\/index.php?rest_route=\/wp\/v2\/posts"}],"about":[{"href":"https:\/\/archive.sana.sy\/es\/index.php?rest_route=\/wp\/v2\/types\/post"}],"author":[{"embeddable":true,"href":"https:\/\/archive.sana.sy\/es\/index.php?rest_route=\/wp\/v2\/users\/31"}],"replies":[{"embeddable":true,"href":"https:\/\/archive.sana.sy\/es\/index.php?rest_route=%2Fwp%2Fv2%2Fcomments&post=100983"}],"version-history":[{"count":0,"href":"https:\/\/archive.sana.sy\/es\/index.php?rest_route=\/wp\/v2\/posts\/100983\/revisions"}],"wp:featuredmedia":[{"embeddable":true,"href":"https:\/\/archive.sana.sy\/es\/index.php?rest_route=\/wp\/v2\/media\/100984"}],"wp:attachment":[{"href":"https:\/\/archive.sana.sy\/es\/index.php?rest_route=%2Fwp%2Fv2%2Fmedia&parent=100983"}],"wp:term":[{"taxonomy":"category","embeddable":true,"href":"https:\/\/archive.sana.sy\/es\/index.php?rest_route=%2Fwp%2Fv2%2Fcategories&post=100983"},{"taxonomy":"post_tag","embeddable":true,"href":"https:\/\/archive.sana.sy\/es\/index.php?rest_route=%2Fwp%2Fv2%2Ftags&post=100983"}],"curies":[{"name":"wp","href":"https:\/\/api.w.org\/{rel}","templated":true}]}}