{"id":101044,"date":"2019-02-21T21:50:07","date_gmt":"2019-02-21T19:50:07","guid":{"rendered":"https:\/\/www.sana.sy\/es\/?p=101044"},"modified":"2019-02-22T10:54:22","modified_gmt":"2019-02-22T08:54:22","slug":"lavrov-y-shaaban-examinan-evolucion-de-la-situacion-en-siria","status":"publish","type":"post","link":"https:\/\/archive.sana.sy\/es\/?p=101044","title":{"rendered":"Canciller ruso y asesora presidencial siria repasan evoluci\u00f3n de la situaci\u00f3n en Siria"},"content":{"rendered":"<p style=\"text-align: justify\"><span style=\"color: #800000\">Mosc\u00fa-SANA<\/span><\/p>\n<p style=\"text-align: justify\">El canciller ruso, Serguei Lavrov, examin\u00f3 con la asesora pol\u00edtica y de prensa de la presidencia siria, Bouzeina Shaaban, la evoluci\u00f3n de la situaci\u00f3n en Siria y los esfuerzos encaminados para contribuir al proceso pol\u00edtico en ese pa\u00eds.<\/p>\n<p style=\"text-align: justify\">Un comunicado del Ministerio de Exteriores de Rusia inform\u00f3 que Lavrov le puso a Shaaban al tanto sobre los resultados de la 4\u00aa cumbre de los presidentes de los pa\u00edses (Rusia, Ir\u00e1n y Turqu\u00eda), garantes del proceso de Astan\u00e1 que se celebr\u00f3 en la ciudad de Sochi el d\u00eda 14 del mes en curso.<\/p>\n<p style=\"text-align: justify\"><span style=\"color: #0000ff\">Y. K.\/ F. M.\/ A. H.<\/span><\/p>\n","protected":false},"excerpt":{"rendered":"<p>Mosc\u00fa-SANA El canciller ruso, Serguei Lavrov, examin\u00f3 con la asesora pol\u00edtica y de prensa de la presidencia siria, Bouzeina Shaaban, la evoluci\u00f3n de la situaci\u00f3n en Siria y los esfuerzos encaminados para contribuir al proceso pol\u00edtico en ese pa\u00eds. Un comunicado del Ministerio de Exteriores de Rusia inform\u00f3 que Lavrov le puso a Shaaban al &hellip;<\/p>\n","protected":false},"author":1,"featured_media":101059,"comment_status":"closed","ping_status":"closed","sticky":false,"template":"","format":"standard","meta":{"footnotes":""},"categories":[597,467,7541],"tags":[14470],"class_list":["post-101044","post","type-post","status-publish","format-standard","has-post-thumbnail","","category-cinta-de-noticias","category-siria-y-el-mundo","category-ultimas-noticias","tag-canciller-ruso-y-asesora-presidencial-siria-repasan-evolucion-de-la-situacion-en-siria"],"_links":{"self":[{"href":"https:\/\/archive.sana.sy\/es\/index.php?rest_route=\/wp\/v2\/posts\/101044"}],"collection":[{"href":"https:\/\/archive.sana.sy\/es\/index.php?rest_route=\/wp\/v2\/posts"}],"about":[{"href":"https:\/\/archive.sana.sy\/es\/index.php?rest_route=\/wp\/v2\/types\/post"}],"author":[{"embeddable":true,"href":"https:\/\/archive.sana.sy\/es\/index.php?rest_route=\/wp\/v2\/users\/1"}],"replies":[{"embeddable":true,"href":"https:\/\/archive.sana.sy\/es\/index.php?rest_route=%2Fwp%2Fv2%2Fcomments&post=101044"}],"version-history":[{"count":0,"href":"https:\/\/archive.sana.sy\/es\/index.php?rest_route=\/wp\/v2\/posts\/101044\/revisions"}],"wp:featuredmedia":[{"embeddable":true,"href":"https:\/\/archive.sana.sy\/es\/index.php?rest_route=\/wp\/v2\/media\/101059"}],"wp:attachment":[{"href":"https:\/\/archive.sana.sy\/es\/index.php?rest_route=%2Fwp%2Fv2%2Fmedia&parent=101044"}],"wp:term":[{"taxonomy":"category","embeddable":true,"href":"https:\/\/archive.sana.sy\/es\/index.php?rest_route=%2Fwp%2Fv2%2Fcategories&post=101044"},{"taxonomy":"post_tag","embeddable":true,"href":"https:\/\/archive.sana.sy\/es\/index.php?rest_route=%2Fwp%2Fv2%2Ftags&post=101044"}],"curies":[{"name":"wp","href":"https:\/\/api.w.org\/{rel}","templated":true}]}}