{"id":101061,"date":"2019-02-22T13:27:42","date_gmt":"2019-02-22T11:27:42","guid":{"rendered":"https:\/\/sana.sy\/es\/?p=101061"},"modified":"2019-02-22T13:27:42","modified_gmt":"2019-02-22T11:27:42","slug":"ejercito-ataca-los-centros-de-mando-de-los-terroristas-en-idleb","status":"publish","type":"post","link":"https:\/\/archive.sana.sy\/es\/?p=101061","title":{"rendered":"Ej\u00e9rcito ataca los centros de mando de los terroristas en Idleb"},"content":{"rendered":"<p style=\"text-align: justify\"><span style=\"color: #800000\">Idleb, SANA<\/span><\/p>\n<p style=\"text-align: justify\">Las unidades del Ej\u00e9rcito \u00c1rabe Sirio respondieron el viernes a las infracciones de las organizaciones terroristas del Acuerdo de la Zona de Desescalada al atacar densamente sus posiciones en el campo sureste de Idleb.<\/p>\n<p style=\"text-align: justify\">El reportero de SANA dijo que las unidades del ej\u00e9rcito lanzaron un aluvi\u00f3n de cohetes sobre las guaridas, dep\u00f3sitos de municiones y centros de comando del Frente al-Nusra y grupos afiliados al este de la ciudad de Saraqeb en el campo sure\u00f1o de Idleb.<\/p>\n<p style=\"text-align: justify\">Varios cuarteles y centros de comando fueron destruidos como resultado de los ataques del ej\u00e9rcito, mientras que varios armados fueron abatidos o heridos y sus armas y veh\u00edculos destruidos, agreg\u00f3 el reportero.<\/p>\n<p style=\"text-align: justify\"><span style=\"color: #0000ff\">Ammar H.\/ Riad Sh.<\/span><\/p>\n","protected":false},"excerpt":{"rendered":"<p>Idleb, SANA Las unidades del Ej\u00e9rcito \u00c1rabe Sirio respondieron el viernes a las infracciones de las organizaciones terroristas del Acuerdo de la Zona de Desescalada al atacar densamente sus posiciones en el campo sureste de Idleb. El reportero de SANA dijo que las unidades del ej\u00e9rcito lanzaron un aluvi\u00f3n de cohetes sobre las guaridas, dep\u00f3sitos &hellip;<\/p>\n","protected":false},"author":30,"featured_media":101062,"comment_status":"closed","ping_status":"closed","sticky":false,"template":"","format":"standard","meta":{"footnotes":""},"categories":[597,573,583],"tags":[14471],"class_list":["post-101061","post","type-post","status-publish","format-standard","has-post-thumbnail","","category-cinta-de-noticias","category-la-realidad-de-los-acontecimientos-en-siria","category-slide","tag-ejercito-ataca-los-centros-de-mando-de-los-terroristas-en-idleb"],"_links":{"self":[{"href":"https:\/\/archive.sana.sy\/es\/index.php?rest_route=\/wp\/v2\/posts\/101061"}],"collection":[{"href":"https:\/\/archive.sana.sy\/es\/index.php?rest_route=\/wp\/v2\/posts"}],"about":[{"href":"https:\/\/archive.sana.sy\/es\/index.php?rest_route=\/wp\/v2\/types\/post"}],"author":[{"embeddable":true,"href":"https:\/\/archive.sana.sy\/es\/index.php?rest_route=\/wp\/v2\/users\/30"}],"replies":[{"embeddable":true,"href":"https:\/\/archive.sana.sy\/es\/index.php?rest_route=%2Fwp%2Fv2%2Fcomments&post=101061"}],"version-history":[{"count":0,"href":"https:\/\/archive.sana.sy\/es\/index.php?rest_route=\/wp\/v2\/posts\/101061\/revisions"}],"wp:featuredmedia":[{"embeddable":true,"href":"https:\/\/archive.sana.sy\/es\/index.php?rest_route=\/wp\/v2\/media\/101062"}],"wp:attachment":[{"href":"https:\/\/archive.sana.sy\/es\/index.php?rest_route=%2Fwp%2Fv2%2Fmedia&parent=101061"}],"wp:term":[{"taxonomy":"category","embeddable":true,"href":"https:\/\/archive.sana.sy\/es\/index.php?rest_route=%2Fwp%2Fv2%2Fcategories&post=101061"},{"taxonomy":"post_tag","embeddable":true,"href":"https:\/\/archive.sana.sy\/es\/index.php?rest_route=%2Fwp%2Fv2%2Ftags&post=101061"}],"curies":[{"name":"wp","href":"https:\/\/api.w.org\/{rel}","templated":true}]}}