{"id":101064,"date":"2019-02-22T13:33:51","date_gmt":"2019-02-22T11:33:51","guid":{"rendered":"https:\/\/sana.sy\/es\/?p=101064"},"modified":"2019-02-22T13:33:51","modified_gmt":"2019-02-22T11:33:51","slug":"siria-participa-en-la-13a-reunion-de-la-asamblea-parlamentaria-del-mediterraneo","status":"publish","type":"post","link":"https:\/\/archive.sana.sy\/es\/?p=101064","title":{"rendered":"Siria participa en la 13\u00aa reuni\u00f3n de la Asamblea Parlamentaria del Mediterr\u00e1neo"},"content":{"rendered":"<p style=\"text-align: justify\"><span style=\"color: #800000\">Belgrado -SANA<\/span><\/p>\n<p style=\"text-align: justify\">Con la participaci\u00f3n de una delegaci\u00f3n de la Asamblea Popular siria, comenzaron las labores de la 13\u00aa reuni\u00f3n de las comisiones permanentes de la Asamblea Parlamentaria del Mediterr\u00e1neo en la capital de Serbia, Belgrado.<\/p>\n<p style=\"text-align: justify\">Durante una reuni\u00f3n para discutir el informe del Comit\u00e9 Permanente para la Cooperaci\u00f3n Pol\u00edtica y de Seguridad, Jamal Qadiri, miembro de la Asamblea Popular siria, pidi\u00f3 la cancelaci\u00f3n de todas las medidas coercitivas unilaterales y el injusto bloqueo econ\u00f3mico impuesto al pueblo sirio, e inst\u00f3 a los parlamentarios que adopten una recomendaci\u00f3n que proh\u00edba la intervenci\u00f3n extranjera en los asuntos de Siria y exija el retiro de las fuerzas ilegales extranjeras presentes en Siria.<\/p>\n<p style=\"text-align: justify\">La reuni\u00f3n revisar\u00e1 una serie de proyectos de ley prioritarios para la regi\u00f3n euromediterr\u00e1nea, los desarrollos pol\u00edticos y la seguridad en el Medio Oriente, as\u00ed como un proyecto de resoluci\u00f3n sobre el cambio clim\u00e1tico y otro sobre la promoci\u00f3n de los derechos humanos.<\/p>\n<p style=\"text-align: justify\">Cabe se\u00f1alar que 43 pa\u00edses participan en esta reuni\u00f3n que durar\u00e1 dos d\u00edas.<\/p>\n<p style=\"text-align: justify\"><span style=\"color: #0000ff\">Ammar H.\/ Riad Sh.<\/span><\/p>\n","protected":false},"excerpt":{"rendered":"<p>Belgrado -SANA Con la participaci\u00f3n de una delegaci\u00f3n de la Asamblea Popular siria, comenzaron las labores de la 13\u00aa reuni\u00f3n de las comisiones permanentes de la Asamblea Parlamentaria del Mediterr\u00e1neo en la capital de Serbia, Belgrado. Durante una reuni\u00f3n para discutir el informe del Comit\u00e9 Permanente para la Cooperaci\u00f3n Pol\u00edtica y de Seguridad, Jamal Qadiri, &hellip;<\/p>\n","protected":false},"author":30,"featured_media":101065,"comment_status":"closed","ping_status":"closed","sticky":false,"template":"","format":"standard","meta":{"footnotes":""},"categories":[597,467,7541],"tags":[14472],"class_list":["post-101064","post","type-post","status-publish","format-standard","has-post-thumbnail","","category-cinta-de-noticias","category-siria-y-el-mundo","category-ultimas-noticias","tag-siria-participa-en-la-13a-reunion-de-la-asamblea-parlamentaria-del-mediterraneo"],"_links":{"self":[{"href":"https:\/\/archive.sana.sy\/es\/index.php?rest_route=\/wp\/v2\/posts\/101064"}],"collection":[{"href":"https:\/\/archive.sana.sy\/es\/index.php?rest_route=\/wp\/v2\/posts"}],"about":[{"href":"https:\/\/archive.sana.sy\/es\/index.php?rest_route=\/wp\/v2\/types\/post"}],"author":[{"embeddable":true,"href":"https:\/\/archive.sana.sy\/es\/index.php?rest_route=\/wp\/v2\/users\/30"}],"replies":[{"embeddable":true,"href":"https:\/\/archive.sana.sy\/es\/index.php?rest_route=%2Fwp%2Fv2%2Fcomments&post=101064"}],"version-history":[{"count":0,"href":"https:\/\/archive.sana.sy\/es\/index.php?rest_route=\/wp\/v2\/posts\/101064\/revisions"}],"wp:featuredmedia":[{"embeddable":true,"href":"https:\/\/archive.sana.sy\/es\/index.php?rest_route=\/wp\/v2\/media\/101065"}],"wp:attachment":[{"href":"https:\/\/archive.sana.sy\/es\/index.php?rest_route=%2Fwp%2Fv2%2Fmedia&parent=101064"}],"wp:term":[{"taxonomy":"category","embeddable":true,"href":"https:\/\/archive.sana.sy\/es\/index.php?rest_route=%2Fwp%2Fv2%2Fcategories&post=101064"},{"taxonomy":"post_tag","embeddable":true,"href":"https:\/\/archive.sana.sy\/es\/index.php?rest_route=%2Fwp%2Fv2%2Ftags&post=101064"}],"curies":[{"name":"wp","href":"https:\/\/api.w.org\/{rel}","templated":true}]}}