{"id":101071,"date":"2019-02-22T15:48:47","date_gmt":"2019-02-22T13:48:47","guid":{"rendered":"https:\/\/sana.sy\/es\/?p=101071"},"modified":"2019-02-22T15:48:47","modified_gmt":"2019-02-22T13:48:47","slug":"egresada-una-nueva-promocion-de-cadetes-altamente-cualificados","status":"publish","type":"post","link":"https:\/\/archive.sana.sy\/es\/?p=101071","title":{"rendered":"Egresada una nueva promoci\u00f3n de cadetes altamente cualificados"},"content":{"rendered":"<p style=\"text-align: justify\">\n<p style=\"text-align: justify\"><span style=\"color: #800000\">Damasco, SANA <\/span><\/p>\n<p style=\"text-align: justify\">Se celebr\u00f3 hoy la graduaci\u00f3n de una nueva promoci\u00f3n de cadetes altamente cualificados despu\u00e9s que terminaran exitosamente su periodo de entrenamiento y recibir los diversos conocimientos militares, combativos y capacitaci\u00f3n f\u00edsica para defender la patria y salvaguardar su dignidad.<\/p>\n<p style=\"text-align: justify\">Los egresados realizaron desfiles militares y deportivos y un simulacro de batalla que refleja las pericias adquiridas de los enfrentamientos con las organizaciones armadas.<\/p>\n<p style=\"text-align: justify\">El general de divisi\u00f3n y director de la Gestor\u00eda Pol\u00edtica se\u00f1al\u00f3 que la victoria es aliada de las patrias cuyos hombres poseen esa doctrina y determinaci\u00f3n.<\/p>\n<p style=\"text-align: justify\">Por su parte el general jefe del Estamento de Entrenamiento destac\u00f3 la necesidad de continuar defendiendo la patria e invit\u00f3 a los nuevos cadetes a ser ejemplos de disciplina y compromiso.<\/p>\n<p style=\"text-align: justify\"><span style=\"color: #0000ff\">Riad Sh.\/ Ammar H.<\/span><\/p>\n<p><iframe loading=\"lazy\" title=\"\u062a\u062e\u0631\u064a\u062c \u062f\u0648\u0631\u0629 \u0635\u0627\u0639\u0642\u0629 \u0644\u062f\u0641\u0639\u0629 \u0645\u0646 \u0627\u0644\u0636\u0628\u0627\u0637 \u0627\u0644\u062c\u062f\u062f\" width=\"618\" height=\"348\" src=\"https:\/\/www.youtube.com\/embed\/Tv8uGDARJS8?feature=oembed\" frameborder=\"0\" allow=\"accelerometer; autoplay; clipboard-write; encrypted-media; gyroscope; picture-in-picture; web-share\" referrerpolicy=\"strict-origin-when-cross-origin\" allowfullscreen><\/iframe><\/p>\n","protected":false},"excerpt":{"rendered":"<p>Damasco, SANA Se celebr\u00f3 hoy la graduaci\u00f3n de una nueva promoci\u00f3n de cadetes altamente cualificados despu\u00e9s que terminaran exitosamente su periodo de entrenamiento y recibir los diversos conocimientos militares, combativos y capacitaci\u00f3n f\u00edsica para defender la patria y salvaguardar su dignidad. Los egresados realizaron desfiles militares y deportivos y un simulacro de batalla que refleja &hellip;<\/p>\n","protected":false},"author":30,"featured_media":101072,"comment_status":"closed","ping_status":"closed","sticky":false,"template":"","format":"standard","meta":{"footnotes":""},"categories":[597,476,7541],"tags":[14474],"class_list":["post-101071","post","type-post","status-publish","format-standard","has-post-thumbnail","","category-cinta-de-noticias","category-locales","category-ultimas-noticias","tag-egresada-una-nueva-promocion-de-cadetes-altamente-cualificados"],"_links":{"self":[{"href":"https:\/\/archive.sana.sy\/es\/index.php?rest_route=\/wp\/v2\/posts\/101071"}],"collection":[{"href":"https:\/\/archive.sana.sy\/es\/index.php?rest_route=\/wp\/v2\/posts"}],"about":[{"href":"https:\/\/archive.sana.sy\/es\/index.php?rest_route=\/wp\/v2\/types\/post"}],"author":[{"embeddable":true,"href":"https:\/\/archive.sana.sy\/es\/index.php?rest_route=\/wp\/v2\/users\/30"}],"replies":[{"embeddable":true,"href":"https:\/\/archive.sana.sy\/es\/index.php?rest_route=%2Fwp%2Fv2%2Fcomments&post=101071"}],"version-history":[{"count":0,"href":"https:\/\/archive.sana.sy\/es\/index.php?rest_route=\/wp\/v2\/posts\/101071\/revisions"}],"wp:featuredmedia":[{"embeddable":true,"href":"https:\/\/archive.sana.sy\/es\/index.php?rest_route=\/wp\/v2\/media\/101072"}],"wp:attachment":[{"href":"https:\/\/archive.sana.sy\/es\/index.php?rest_route=%2Fwp%2Fv2%2Fmedia&parent=101071"}],"wp:term":[{"taxonomy":"category","embeddable":true,"href":"https:\/\/archive.sana.sy\/es\/index.php?rest_route=%2Fwp%2Fv2%2Fcategories&post=101071"},{"taxonomy":"post_tag","embeddable":true,"href":"https:\/\/archive.sana.sy\/es\/index.php?rest_route=%2Fwp%2Fv2%2Ftags&post=101071"}],"curies":[{"name":"wp","href":"https:\/\/api.w.org\/{rel}","templated":true}]}}