{"id":101147,"date":"2019-02-23T12:24:47","date_gmt":"2019-02-23T10:24:47","guid":{"rendered":"https:\/\/sana.sy\/es\/?p=101147"},"modified":"2019-02-23T12:51:51","modified_gmt":"2019-02-23T10:51:51","slug":"dos-heridos-en-la-explosion-de-una-mina-remanente-de-terroristas-en-hasaka","status":"publish","type":"post","link":"https:\/\/archive.sana.sy\/es\/?p=101147","title":{"rendered":"Dos heridos en la explosi\u00f3n de una mina remanente de terroristas en Hasaka"},"content":{"rendered":"<p style=\"text-align: justify;\"><span style=\"color: #800000;\">Hasaka, SANA<\/span><\/p>\n<p style=\"text-align: justify;\">Dos civiles resultaron heridos al estallarse una mina antipersonal remanente de los terroristas del Daesh en la aldea de al-Nasrat situada a 17 km al sur de la ciudad de Hasaka.<\/p>\n<p style=\"text-align: justify;\">Fuentes locales dijeron al reportero de SANA que la mina explot\u00f3 al paso de un cami\u00f3n cisterna vac\u00edo, hiriendo de gravedad a dos civiles que estaban dentro del cami\u00f3n, quienes fueron trasladados a un hospital en Hasaka para recibir tratamiento.<\/p>\n<p style=\"text-align: justify;\"><span style=\"color: #0000ff;\">E. Dubian\/ Riad Sh.\u00a0<\/span><\/p>\n","protected":false},"excerpt":{"rendered":"<p>Hasaka, SANA Dos civiles resultaron heridos al estallarse una mina antipersonal remanente de los terroristas del Daesh en la aldea de al-Nasrat situada a 17 km al sur de la ciudad de Hasaka. Fuentes locales dijeron al reportero de SANA que la mina explot\u00f3 al paso de un cami\u00f3n cisterna vac\u00edo, hiriendo de gravedad a &hellip;<\/p>\n","protected":false},"author":32,"featured_media":101151,"comment_status":"closed","ping_status":"closed","sticky":false,"template":"","format":"standard","meta":{"footnotes":""},"categories":[597,573,7541],"tags":[14489],"class_list":["post-101147","post","type-post","status-publish","format-standard","has-post-thumbnail","","category-cinta-de-noticias","category-la-realidad-de-los-acontecimientos-en-siria","category-ultimas-noticias","tag-dos-heridos-en-la-explosion-de-una-mina-remanente-de-terroristas-en-hasaka"],"_links":{"self":[{"href":"https:\/\/archive.sana.sy\/es\/index.php?rest_route=\/wp\/v2\/posts\/101147"}],"collection":[{"href":"https:\/\/archive.sana.sy\/es\/index.php?rest_route=\/wp\/v2\/posts"}],"about":[{"href":"https:\/\/archive.sana.sy\/es\/index.php?rest_route=\/wp\/v2\/types\/post"}],"author":[{"embeddable":true,"href":"https:\/\/archive.sana.sy\/es\/index.php?rest_route=\/wp\/v2\/users\/32"}],"replies":[{"embeddable":true,"href":"https:\/\/archive.sana.sy\/es\/index.php?rest_route=%2Fwp%2Fv2%2Fcomments&post=101147"}],"version-history":[{"count":0,"href":"https:\/\/archive.sana.sy\/es\/index.php?rest_route=\/wp\/v2\/posts\/101147\/revisions"}],"wp:featuredmedia":[{"embeddable":true,"href":"https:\/\/archive.sana.sy\/es\/index.php?rest_route=\/wp\/v2\/media\/101151"}],"wp:attachment":[{"href":"https:\/\/archive.sana.sy\/es\/index.php?rest_route=%2Fwp%2Fv2%2Fmedia&parent=101147"}],"wp:term":[{"taxonomy":"category","embeddable":true,"href":"https:\/\/archive.sana.sy\/es\/index.php?rest_route=%2Fwp%2Fv2%2Fcategories&post=101147"},{"taxonomy":"post_tag","embeddable":true,"href":"https:\/\/archive.sana.sy\/es\/index.php?rest_route=%2Fwp%2Fv2%2Ftags&post=101147"}],"curies":[{"name":"wp","href":"https:\/\/api.w.org\/{rel}","templated":true}]}}