{"id":101197,"date":"2019-02-23T21:47:12","date_gmt":"2019-02-23T19:47:12","guid":{"rendered":"https:\/\/sana.sy\/es\/?p=101197"},"modified":"2019-02-23T21:47:12","modified_gmt":"2019-02-23T19:47:12","slug":"clausura-de-las-actividades-de-la-asamblea-parlamentaria-de-la-union-para-el-mediterraneo-con-la-participacion-de-siria","status":"publish","type":"post","link":"https:\/\/archive.sana.sy\/es\/?p=101197","title":{"rendered":"Clausura de las actividades de La Asamblea Parlamentaria de la Uni\u00f3n para el Mediterr\u00e1neo\u00a0con la participaci\u00f3n de Siria"},"content":{"rendered":"<p><span style=\"color: #800000;\">Belgrado, SANA<\/span><\/p>\n<p style=\"text-align: justify;\">La 13\u00aa reuni\u00f3n de los comit\u00e9s permanentes de La Asamblea Parlamentaria de la Uni\u00f3n para el Mediterr\u00e1neo <em>\u00a0<\/em>que comenz\u00f3 ayer en Belgrado,\u00a0 concluy\u00f3 sus actividades este s\u00e1bado,\u00a0 con la participaci\u00f3n de una delegaci\u00f3n de la Asamblea Popular de Siria.<\/p>\n<p style=\"text-align: justify;\">Durante la sesi\u00f3n dedicada a debatir el asunto de los refugiados y la migraci\u00f3n, Jamal Al-Qaderi, miembro de la Asamblea Popular siria, aclar\u00f3 que el desplazamiento que sufri\u00f3 Siria fue causado por los delitos de los terroristas, destacando que para ayudar a resolver la cuesti\u00f3n de los desplazados sirios\u00a0 hay que coordinar con el estado sirio y acabar con lo que a\u00fan queda de terrorismo.<\/p>\n<p style=\"text-align: justify;\">Durante la actividad destinada a presentar el labor del III comit\u00e9 permanente sobre el di\u00e1logo de civilizaciones y derechos humanos, Al-Qaderi se\u00f1al\u00f3 la necesidad de coherencia y coordinaci\u00f3n entre los pa\u00edses situados al norte y al sur del Mediterr\u00e1neo para \u00a0lograr la seguridad y la estabilidad, particularmente despu\u00e9s de la llamada &#8220;primavera \u00e1rabe&#8221; \u00a0que devast\u00f3 la mitad de las econom\u00edas de los estados \u00e1rabes.<\/p>\n<p style=\"text-align: justify;\">Cabe se\u00f1alar que 43 estados participaron en dicha reuni\u00f3n, donde fueron analizados varios proyectos de leyes prioritarias para la regi\u00f3n euromediterr\u00e1nea y el desarrollo pol\u00edtico y la seguridad en el Medio Oriente, as\u00ed como un proyecto de resoluci\u00f3n sobre el cambio clim\u00e1tico y los derechos humanos.<\/p>\n<p><span style=\"color: #0000ff;\">R. Rashed\/ Riad Sh.\u00a0<\/span><\/p>\n","protected":false},"excerpt":{"rendered":"<p>Belgrado, SANA La 13\u00aa reuni\u00f3n de los comit\u00e9s permanentes de La Asamblea Parlamentaria de la Uni\u00f3n para el Mediterr\u00e1neo \u00a0que comenz\u00f3 ayer en Belgrado,\u00a0 concluy\u00f3 sus actividades este s\u00e1bado,\u00a0 con la participaci\u00f3n de una delegaci\u00f3n de la Asamblea Popular de Siria. Durante la sesi\u00f3n dedicada a debatir el asunto de los refugiados y la migraci\u00f3n, &hellip;<\/p>\n","protected":false},"author":31,"featured_media":101198,"comment_status":"closed","ping_status":"closed","sticky":false,"template":"","format":"standard","meta":{"footnotes":""},"categories":[597,467,7541],"tags":[14495],"class_list":["post-101197","post","type-post","status-publish","format-standard","has-post-thumbnail","","category-cinta-de-noticias","category-siria-y-el-mundo","category-ultimas-noticias","tag-clausura-de-las-actividades-de-la-asamblea-parlamentaria-de-la-union-para-el-mediterraneo-con-la-participacion-de-siria"],"_links":{"self":[{"href":"https:\/\/archive.sana.sy\/es\/index.php?rest_route=\/wp\/v2\/posts\/101197"}],"collection":[{"href":"https:\/\/archive.sana.sy\/es\/index.php?rest_route=\/wp\/v2\/posts"}],"about":[{"href":"https:\/\/archive.sana.sy\/es\/index.php?rest_route=\/wp\/v2\/types\/post"}],"author":[{"embeddable":true,"href":"https:\/\/archive.sana.sy\/es\/index.php?rest_route=\/wp\/v2\/users\/31"}],"replies":[{"embeddable":true,"href":"https:\/\/archive.sana.sy\/es\/index.php?rest_route=%2Fwp%2Fv2%2Fcomments&post=101197"}],"version-history":[{"count":0,"href":"https:\/\/archive.sana.sy\/es\/index.php?rest_route=\/wp\/v2\/posts\/101197\/revisions"}],"wp:featuredmedia":[{"embeddable":true,"href":"https:\/\/archive.sana.sy\/es\/index.php?rest_route=\/wp\/v2\/media\/101198"}],"wp:attachment":[{"href":"https:\/\/archive.sana.sy\/es\/index.php?rest_route=%2Fwp%2Fv2%2Fmedia&parent=101197"}],"wp:term":[{"taxonomy":"category","embeddable":true,"href":"https:\/\/archive.sana.sy\/es\/index.php?rest_route=%2Fwp%2Fv2%2Fcategories&post=101197"},{"taxonomy":"post_tag","embeddable":true,"href":"https:\/\/archive.sana.sy\/es\/index.php?rest_route=%2Fwp%2Fv2%2Ftags&post=101197"}],"curies":[{"name":"wp","href":"https:\/\/api.w.org\/{rel}","templated":true}]}}