{"id":101201,"date":"2019-02-24T09:16:29","date_gmt":"2019-02-24T07:16:29","guid":{"rendered":"https:\/\/sana.sy\/es\/?p=101201"},"modified":"2019-02-24T09:16:29","modified_gmt":"2019-02-24T07:16:29","slug":"titulares-nacionales-e-internacionales-de-la-prensa-siria-5","status":"publish","type":"post","link":"https:\/\/archive.sana.sy\/es\/?p=101201","title":{"rendered":"Titulares nacionales e internacionales de la prensa siria"},"content":{"rendered":"<p><span style=\"color: #800000;\">Damasco, SANA<\/span><\/p>\n<p style=\"text-align: justify;\">Los principales diarios y medios de comunicaci\u00f3n sirios destacaron los siguientes titulares del \u00e1mbito nacional e internacional:<\/p>\n<p style=\"text-align: justify;\">&#8211; Presidente Al-Assad promulga decreto que concede pr\u00f3rrogas a los estudiantes militares y civiles desaprobados.<\/p>\n<p style=\"text-align: justify;\">&#8211; El Viceministro de Educaci\u00f3n Superior asegura que m\u00e1s de 100 mil estudiantes se benefician del decreto presidencial No. 69.<\/p>\n<p style=\"text-align: justify;\">&#8211; Siria asegura necesidad de coordinaci\u00f3n entre pa\u00edses del sur y norte del Mediterr\u00e1neo para lograr la estabilidad.<\/p>\n<p style=\"text-align: justify;\">&#8211; Qadiri: para ayudar a solucionar el problema de los desplazados sirios hay que coordinar con el Estado sirio y acabar con lo que a\u00fan queda de terrorismo.<\/p>\n<p style=\"text-align: justify;\">&#8211; Ej\u00e9rcito intensifica sus operaciones contra los grupos terroristas armados en el campo norte de Hama en respuesta a sus violaciones a la zona de distensi\u00f3n en Idleb.<\/p>\n<p style=\"text-align: justify;\">&#8211; Grupos terroristas bombardean con cohetes la central el\u00e9ctrica de Mahardah y varios poblados en el campo de Hama.<\/p>\n<p style=\"text-align: justify;\">&#8211; Dos heridos en la explosi\u00f3n de una mina remanente de los terroristas del Daesh en Hassakeh.<\/p>\n<p style=\"text-align: justify;\">&#8211; El secretario del Consejo Supremo de Seguridad Nacional de Ir\u00e1n dice que los ataques israel\u00edes contra Siria buscan apoyar a los terroristas.<\/p>\n<p style=\"text-align: justify;\">&#8211; Ministro de Estado liban\u00e9s para Asuntos de Desplazados asegura que Siria es un pa\u00eds hermano y las relaciones con ella deben ser excelentes.<\/p>\n<p style=\"text-align: justify;\">&#8211; 16 heridos en la explosi\u00f3n de un almac\u00e9n de bombonas de gas en el campamento de desplazados de Al-Hol en la provincia de Hassakeh.<\/p>\n<p style=\"text-align: justify;\">&#8211; Decenas de palestinos resultan heridos en la represi\u00f3n de las fuerzas de ocupaci\u00f3n israel\u00edes a las marchas por el retorno en Gaza.<\/p>\n<p style=\"text-align: justify;\">&#8211; Ej\u00e9rcito yemen\u00ed abate a decenas de integrantes de las fuerzas mercenarias apoyadas por Arabia Saudita.<\/p>\n<p style=\"text-align: justify;\">&#8211; Presidente venezolano corta relaciones con Colombia.<\/p>\n<p style=\"text-align: justify;\">&#8211; Los Chalecos Blancos contin\u00faan sus manifestaciones en contra de Macron y sus pol\u00edticas.<\/p>\n<p style=\"text-align: justify;\">&#8211; Las fuerzas de seguridad iran\u00edes arrestan a 13 involucrados en el atentado terrorista en la ciudad de Zahadan.<\/p>\n<p style=\"text-align: justify;\">&#8211; Presidente sudan\u00e9s asigna al ministro de Defensa como primer vicepresidente del pa\u00eds.<\/p>\n<p style=\"text-align: justify;\">&#8211; Delegado ruso ante la ONU llama a tomar medidas respecto a las provocaciones contra Venezuela.<\/p>\n<p style=\"text-align: justify;\">&#8211; Diputado liban\u00e9s asegura que Siria ya es capaz de retomar su rol en la regi\u00f3n.<\/p>\n<p style=\"text-align: justify;\">&#8211; El Partido \u00c1rabe Democr\u00e1tico Nasirita de Egipto reitera su solidaridad con Siria.<\/p>\n<p><span style=\"color: #0000ff;\">F. Marouf\/ R. Rashed\u00a0<\/span><\/p>\n","protected":false},"excerpt":{"rendered":"<p>Damasco, SANA Los principales diarios y medios de comunicaci\u00f3n sirios destacaron los siguientes titulares del \u00e1mbito nacional e internacional: &#8211; Presidente Al-Assad promulga decreto que concede pr\u00f3rrogas a los estudiantes militares y civiles desaprobados. &#8211; El Viceministro de Educaci\u00f3n Superior asegura que m\u00e1s de 100 mil estudiantes se benefician del decreto presidencial No. 69. &#8211; &hellip;<\/p>\n","protected":false},"author":31,"featured_media":101202,"comment_status":"closed","ping_status":"closed","sticky":false,"template":"","format":"standard","meta":{"footnotes":""},"categories":[555,597,7541],"tags":[14167],"class_list":["post-101201","post","type-post","status-publish","format-standard","has-post-thumbnail","","category-prensa","category-cinta-de-noticias","category-ultimas-noticias","tag-titulares-nacionales-e-internacionales-de-la-prensa-siria"],"_links":{"self":[{"href":"https:\/\/archive.sana.sy\/es\/index.php?rest_route=\/wp\/v2\/posts\/101201"}],"collection":[{"href":"https:\/\/archive.sana.sy\/es\/index.php?rest_route=\/wp\/v2\/posts"}],"about":[{"href":"https:\/\/archive.sana.sy\/es\/index.php?rest_route=\/wp\/v2\/types\/post"}],"author":[{"embeddable":true,"href":"https:\/\/archive.sana.sy\/es\/index.php?rest_route=\/wp\/v2\/users\/31"}],"replies":[{"embeddable":true,"href":"https:\/\/archive.sana.sy\/es\/index.php?rest_route=%2Fwp%2Fv2%2Fcomments&post=101201"}],"version-history":[{"count":0,"href":"https:\/\/archive.sana.sy\/es\/index.php?rest_route=\/wp\/v2\/posts\/101201\/revisions"}],"wp:featuredmedia":[{"embeddable":true,"href":"https:\/\/archive.sana.sy\/es\/index.php?rest_route=\/wp\/v2\/media\/101202"}],"wp:attachment":[{"href":"https:\/\/archive.sana.sy\/es\/index.php?rest_route=%2Fwp%2Fv2%2Fmedia&parent=101201"}],"wp:term":[{"taxonomy":"category","embeddable":true,"href":"https:\/\/archive.sana.sy\/es\/index.php?rest_route=%2Fwp%2Fv2%2Fcategories&post=101201"},{"taxonomy":"post_tag","embeddable":true,"href":"https:\/\/archive.sana.sy\/es\/index.php?rest_route=%2Fwp%2Fv2%2Ftags&post=101201"}],"curies":[{"name":"wp","href":"https:\/\/api.w.org\/{rel}","templated":true}]}}