{"id":101232,"date":"2019-02-24T16:38:22","date_gmt":"2019-02-24T14:38:22","guid":{"rendered":"https:\/\/sana.sy\/es\/?p=101232"},"modified":"2023-01-10T15:10:07","modified_gmt":"2023-01-10T13:10:07","slug":"con-la-reanudacion-del-turismo-la-profesion-de-guia-turistico-recobra-fuerza","status":"publish","type":"post","link":"https:\/\/archive.sana.sy\/es\/?p=101232","title":{"rendered":"Con la reanudaci\u00f3n del turismo, la profesi\u00f3n de gu\u00eda tur\u00edstico recobra fuerza"},"content":{"rendered":"<p style=\"text-align: justify;\"><span style=\"color: #800000;\">Damasco, SANA<\/span><\/p>\n<p style=\"text-align: justify;\">El miembro de la Junta de Directores de la Uni\u00f3n de C\u00e1maras de Turismo, Emad Eddin Assaf, dijo en una declaraci\u00f3n a SANA que la profesi\u00f3n de &#8220;gu\u00eda tur\u00edstico&#8221; hab\u00eda comenzado ac\u00e1 hace unos 50 a\u00f1os. &#8220;Algunas personas que dominaban idiomas extranjeros acompa\u00f1aban a los turistas, pero con la reorganizaci\u00f3n del trabajo y la promulgaci\u00f3n del decreto \/54\/ y despu\u00e9s de la creaci\u00f3n de las C\u00e1maras de Turismo Sirias bajo la ley \/65\/ del a\u00f1o 2002, se ha establecido un departamento llamado Gu\u00eda Tur\u00edstico&#8221;, dijo.<\/p>\n<p style=\"text-align: justify;\">Assaf revel\u00f3 que el trabajo de gu\u00eda tur\u00edstico requiere una gran cultura. Algunos turistas prefieren visitar sitios tur\u00edsticos inscritos en la Lista del Patrimonio Mundial, especialmente despu\u00e9s de la recuperaci\u00f3n del control sobre sitios importantes parcialmente destruidos por el terrorismo.<\/p>\n<p style=\"text-align: justify;\">Por su parte, la Directora de Servicios e Instituciones de Turismo del Ministerio de Turismo, Ramziah Otabachi, dijo que, seg\u00fan las estad\u00edsticas de 2010, el n\u00famero de gu\u00edas tur\u00edsticos en Siria hab\u00eda llegado a 1400, mientras que la cifra actual es inferior debido a las circunstancias que ha vivido el pa\u00eds.<\/p>\n<p style=\"text-align: justify;\"><span style=\"color: #0000ff;\">E. Dubian\/ Riad Sh.<\/span><\/p>\n","protected":false},"excerpt":{"rendered":"<p>Damasco, SANA El miembro de la Junta de Directores de la Uni\u00f3n de C\u00e1maras de Turismo, Emad Eddin Assaf, dijo en una declaraci\u00f3n a SANA que la profesi\u00f3n de &#8220;gu\u00eda tur\u00edstico&#8221; hab\u00eda comenzado ac\u00e1 hace unos 50 a\u00f1os. &#8220;Algunas personas que dominaban idiomas extranjeros acompa\u00f1aban a los turistas, pero con la reorganizaci\u00f3n del trabajo y &hellip;<\/p>\n","protected":false},"author":32,"featured_media":101233,"comment_status":"closed","ping_status":"closed","sticky":false,"template":"","format":"standard","meta":{"footnotes":""},"categories":[597,485,7541],"tags":[14504],"class_list":["post-101232","post","type-post","status-publish","format-standard","has-post-thumbnail","","category-cinta-de-noticias","category-informes-negocios-y-finanzas","category-ultimas-noticias","tag-con-la-reanudacion-del-turismo-la-profesion-de-guia-turistico-recobra-fuerza"],"_links":{"self":[{"href":"https:\/\/archive.sana.sy\/es\/index.php?rest_route=\/wp\/v2\/posts\/101232"}],"collection":[{"href":"https:\/\/archive.sana.sy\/es\/index.php?rest_route=\/wp\/v2\/posts"}],"about":[{"href":"https:\/\/archive.sana.sy\/es\/index.php?rest_route=\/wp\/v2\/types\/post"}],"author":[{"embeddable":true,"href":"https:\/\/archive.sana.sy\/es\/index.php?rest_route=\/wp\/v2\/users\/32"}],"replies":[{"embeddable":true,"href":"https:\/\/archive.sana.sy\/es\/index.php?rest_route=%2Fwp%2Fv2%2Fcomments&post=101232"}],"version-history":[{"count":0,"href":"https:\/\/archive.sana.sy\/es\/index.php?rest_route=\/wp\/v2\/posts\/101232\/revisions"}],"wp:featuredmedia":[{"embeddable":true,"href":"https:\/\/archive.sana.sy\/es\/index.php?rest_route=\/wp\/v2\/media\/101233"}],"wp:attachment":[{"href":"https:\/\/archive.sana.sy\/es\/index.php?rest_route=%2Fwp%2Fv2%2Fmedia&parent=101232"}],"wp:term":[{"taxonomy":"category","embeddable":true,"href":"https:\/\/archive.sana.sy\/es\/index.php?rest_route=%2Fwp%2Fv2%2Fcategories&post=101232"},{"taxonomy":"post_tag","embeddable":true,"href":"https:\/\/archive.sana.sy\/es\/index.php?rest_route=%2Fwp%2Fv2%2Ftags&post=101232"}],"curies":[{"name":"wp","href":"https:\/\/api.w.org\/{rel}","templated":true}]}}