{"id":101255,"date":"2019-02-24T22:02:02","date_gmt":"2019-02-24T20:02:02","guid":{"rendered":"https:\/\/sana.sy\/es\/?p=101255"},"modified":"2019-02-24T22:02:02","modified_gmt":"2019-02-24T20:02:02","slug":"consejo-de-ministros-aprueba-una-serie-de-decisiones-relacionadas-con-el-desarrollo-local-equilibrado","status":"publish","type":"post","link":"https:\/\/archive.sana.sy\/es\/?p=101255","title":{"rendered":"Consejo de Ministros aprueba una serie de decisiones relacionadas con el desarrollo local equilibrado"},"content":{"rendered":"<p>Damasco-SANA<\/p>\n<p>El gabinete aprob\u00f3 el domingo una serie de decisiones que constituyen la base para un desarrollo local equilibrado y que promueven el papel de los consejo locales y las unidades administrativas en la pr\u00f3xima etapa.<\/p>\n<p>El gabinete, durante una sesi\u00f3n semanal presidida por el Primer Ministro Imad Khamis, examin\u00f3 las medidas a tomar para impulsar el papel de las unidades administrativas de tal manera que podr\u00e1n desempe\u00f1ar sus nuevas misiones en virtud de la ley de la administraci\u00f3n local.<\/p>\n<p>Tambi\u00e9n se abordaron las repercusiones de la guerra impuesta a Siria y los medios para hacer afrontarlas, adem\u00e1s de aliviar sus impactos directos e indirectos sobre los ciudadanos.<\/p>\n<p>Y.K.<\/p>\n","protected":false},"excerpt":{"rendered":"<p>Damasco-SANA El gabinete aprob\u00f3 el domingo una serie de decisiones que constituyen la base para un desarrollo local equilibrado y que promueven el papel de los consejo locales y las unidades administrativas en la pr\u00f3xima etapa. El gabinete, durante una sesi\u00f3n semanal presidida por el Primer Ministro Imad Khamis, examin\u00f3 las medidas a tomar para &hellip;<\/p>\n","protected":false},"author":1,"featured_media":101256,"comment_status":"closed","ping_status":"closed","sticky":false,"template":"","format":"standard","meta":{"footnotes":""},"categories":[476,7541],"tags":[],"class_list":["post-101255","post","type-post","status-publish","format-standard","has-post-thumbnail","","category-locales","category-ultimas-noticias"],"_links":{"self":[{"href":"https:\/\/archive.sana.sy\/es\/index.php?rest_route=\/wp\/v2\/posts\/101255"}],"collection":[{"href":"https:\/\/archive.sana.sy\/es\/index.php?rest_route=\/wp\/v2\/posts"}],"about":[{"href":"https:\/\/archive.sana.sy\/es\/index.php?rest_route=\/wp\/v2\/types\/post"}],"author":[{"embeddable":true,"href":"https:\/\/archive.sana.sy\/es\/index.php?rest_route=\/wp\/v2\/users\/1"}],"replies":[{"embeddable":true,"href":"https:\/\/archive.sana.sy\/es\/index.php?rest_route=%2Fwp%2Fv2%2Fcomments&post=101255"}],"version-history":[{"count":0,"href":"https:\/\/archive.sana.sy\/es\/index.php?rest_route=\/wp\/v2\/posts\/101255\/revisions"}],"wp:featuredmedia":[{"embeddable":true,"href":"https:\/\/archive.sana.sy\/es\/index.php?rest_route=\/wp\/v2\/media\/101256"}],"wp:attachment":[{"href":"https:\/\/archive.sana.sy\/es\/index.php?rest_route=%2Fwp%2Fv2%2Fmedia&parent=101255"}],"wp:term":[{"taxonomy":"category","embeddable":true,"href":"https:\/\/archive.sana.sy\/es\/index.php?rest_route=%2Fwp%2Fv2%2Fcategories&post=101255"},{"taxonomy":"post_tag","embeddable":true,"href":"https:\/\/archive.sana.sy\/es\/index.php?rest_route=%2Fwp%2Fv2%2Ftags&post=101255"}],"curies":[{"name":"wp","href":"https:\/\/api.w.org\/{rel}","templated":true}]}}