{"id":101266,"date":"2019-02-25T12:59:19","date_gmt":"2019-02-25T10:59:19","guid":{"rendered":"https:\/\/sana.sy\/es\/?p=101266"},"modified":"2019-02-25T22:21:56","modified_gmt":"2019-02-25T20:21:56","slug":"terroristas-bombardean-con-siete-cohetes-la-ciudad-de-salhab-en-el-norte-de-hama","status":"publish","type":"post","link":"https:\/\/archive.sana.sy\/es\/?p=101266","title":{"rendered":"Un muerto y siete heridos en bombardeos terroristas en el norte de Hama"},"content":{"rendered":"<p style=\"text-align: justify;\"><span style=\"color: #800000;\">Hama, SANA<\/span><\/p>\n<p style=\"text-align: justify;\">Los grupos terroristas volvieron a bombardear hoy los poblados seguros en el campo norte de la provincia de Hama, 240 km al norte de la capital Damasco.<\/p>\n<p style=\"text-align: justify;\">Esos bombardeos constituyen una nueva violaci\u00f3n a la zona de distensi\u00f3n establecida en la provincia septentrional siria de Idleb.<\/p>\n<p style=\"text-align: justify;\">Fuentes locales informaron que un civil perdi\u00f3 la vida y otros cinco fueron lesionados en bombardeos terroristas con cohetes contra la localidad de Suquelbieh.<\/p>\n<p style=\"text-align: justify;\">Los bombardeos provocaron adem\u00e1s da\u00f1os materiales en las casas y en la infraestructura.<\/p>\n<p style=\"text-align: justify;\">Bombardeos semejantes contra la ciudad de Mahardah causaron lesiones a dos ciudadanos y da\u00f1os materiales en las propiedades privadas y p\u00fablicas.<\/p>\n<p style=\"text-align: justify;\">Asimismo, siete cohetes disparados por terroristas cayeron sobre los barrios residenciales de la ciudad de Salhab, 40 km al noroeste de la ciudad de Hama.<\/p>\n<p style=\"text-align: justify;\">Los ataques provocaron severos da\u00f1os materiales en las casas y las propiedades de los civiles sin que se registren bajas humanas o lesionados.<\/p>\n<p style=\"text-align: justify;\">En respuesta a esas violaciones, las unidades de artiller\u00eda del ej\u00e9rcito bombardearon al poblado de Zaleen, desde donde los terroristas lanzaron sus ataques.<\/p>\n<p style=\"text-align: justify;\"><span style=\"color: #0000ff;\">F. M.\/ Y. K.\/ E. D.\/ R. R.\u00a0<\/span><\/p>\n","protected":false},"excerpt":{"rendered":"<p>Hama, SANA Los grupos terroristas volvieron a bombardear hoy los poblados seguros en el campo norte de la provincia de Hama, 240 km al norte de la capital Damasco. Esos bombardeos constituyen una nueva violaci\u00f3n a la zona de distensi\u00f3n establecida en la provincia septentrional siria de Idleb. Fuentes locales informaron que un civil perdi\u00f3 &hellip;<\/p>\n","protected":false},"author":32,"featured_media":101267,"comment_status":"closed","ping_status":"closed","sticky":false,"template":"","format":"standard","meta":{"footnotes":""},"categories":[597,573,7541],"tags":[14513],"class_list":["post-101266","post","type-post","status-publish","format-standard","has-post-thumbnail","","category-cinta-de-noticias","category-la-realidad-de-los-acontecimientos-en-siria","category-ultimas-noticias","tag-un-muerto-y-siete-heridos-en-bombardeos-terroristas-en-el-norte-de-hama"],"_links":{"self":[{"href":"https:\/\/archive.sana.sy\/es\/index.php?rest_route=\/wp\/v2\/posts\/101266"}],"collection":[{"href":"https:\/\/archive.sana.sy\/es\/index.php?rest_route=\/wp\/v2\/posts"}],"about":[{"href":"https:\/\/archive.sana.sy\/es\/index.php?rest_route=\/wp\/v2\/types\/post"}],"author":[{"embeddable":true,"href":"https:\/\/archive.sana.sy\/es\/index.php?rest_route=\/wp\/v2\/users\/32"}],"replies":[{"embeddable":true,"href":"https:\/\/archive.sana.sy\/es\/index.php?rest_route=%2Fwp%2Fv2%2Fcomments&post=101266"}],"version-history":[{"count":0,"href":"https:\/\/archive.sana.sy\/es\/index.php?rest_route=\/wp\/v2\/posts\/101266\/revisions"}],"wp:featuredmedia":[{"embeddable":true,"href":"https:\/\/archive.sana.sy\/es\/index.php?rest_route=\/wp\/v2\/media\/101267"}],"wp:attachment":[{"href":"https:\/\/archive.sana.sy\/es\/index.php?rest_route=%2Fwp%2Fv2%2Fmedia&parent=101266"}],"wp:term":[{"taxonomy":"category","embeddable":true,"href":"https:\/\/archive.sana.sy\/es\/index.php?rest_route=%2Fwp%2Fv2%2Fcategories&post=101266"},{"taxonomy":"post_tag","embeddable":true,"href":"https:\/\/archive.sana.sy\/es\/index.php?rest_route=%2Fwp%2Fv2%2Ftags&post=101266"}],"curies":[{"name":"wp","href":"https:\/\/api.w.org\/{rel}","templated":true}]}}