{"id":101284,"date":"2019-02-25T18:48:38","date_gmt":"2019-02-25T16:48:38","guid":{"rendered":"https:\/\/sana.sy\/es\/?p=101284"},"modified":"2019-02-25T18:48:38","modified_gmt":"2019-02-25T16:48:38","slug":"lider-de-la-opcion-turca-erdogan-responsable-de-la-muerte-de-miles-de-sirios-inocentes","status":"publish","type":"post","link":"https:\/\/archive.sana.sy\/es\/?p=101284","title":{"rendered":"L\u00edder de la opci\u00f3n turca: Erdogan responsable de la muerte de miles de sirios inocentes"},"content":{"rendered":"<p>Ankara-SANA<\/p>\n<p>El jefe del Partido Popular Republicano Turco <strong>Kemal K\u0131l\u0131\u00e7daro\u011flu<\/strong> subray\u00f3 que el presidente del r\u00e9gimen turco Raceb Tayyeb Erdogan es el responsable de la continuaci\u00f3n de la guerra terrorista contra Siria mediante su apoyo a las organizaciones terroristas y por facilitar el ingreso de terroristas a este pa\u00eds.<\/p>\n<p><strong>\u00a8Erdogan es responsable de la muerte de decenas de miles de civiles inocentes en Siria\u00a8, dijo K\u0131l\u0131\u00e7daro\u011flu<\/strong> en declaraciones.<\/p>\n<p>Y.K.<\/p>\n","protected":false},"excerpt":{"rendered":"<p>Ankara-SANA El jefe del Partido Popular Republicano Turco Kemal K\u0131l\u0131\u00e7daro\u011flu subray\u00f3 que el presidente del r\u00e9gimen turco Raceb Tayyeb Erdogan es el responsable de la continuaci\u00f3n de la guerra terrorista contra Siria mediante su apoyo a las organizaciones terroristas y por facilitar el ingreso de terroristas a este pa\u00eds. \u00a8Erdogan es responsable de la muerte &hellip;<\/p>\n","protected":false},"author":1,"featured_media":101285,"comment_status":"closed","ping_status":"closed","sticky":false,"template":"","format":"standard","meta":{"footnotes":""},"categories":[456,7541],"tags":[],"class_list":["post-101284","post","type-post","status-publish","format-standard","has-post-thumbnail","","category-arabe-internacional-politica","category-ultimas-noticias"],"_links":{"self":[{"href":"https:\/\/archive.sana.sy\/es\/index.php?rest_route=\/wp\/v2\/posts\/101284"}],"collection":[{"href":"https:\/\/archive.sana.sy\/es\/index.php?rest_route=\/wp\/v2\/posts"}],"about":[{"href":"https:\/\/archive.sana.sy\/es\/index.php?rest_route=\/wp\/v2\/types\/post"}],"author":[{"embeddable":true,"href":"https:\/\/archive.sana.sy\/es\/index.php?rest_route=\/wp\/v2\/users\/1"}],"replies":[{"embeddable":true,"href":"https:\/\/archive.sana.sy\/es\/index.php?rest_route=%2Fwp%2Fv2%2Fcomments&post=101284"}],"version-history":[{"count":0,"href":"https:\/\/archive.sana.sy\/es\/index.php?rest_route=\/wp\/v2\/posts\/101284\/revisions"}],"wp:featuredmedia":[{"embeddable":true,"href":"https:\/\/archive.sana.sy\/es\/index.php?rest_route=\/wp\/v2\/media\/101285"}],"wp:attachment":[{"href":"https:\/\/archive.sana.sy\/es\/index.php?rest_route=%2Fwp%2Fv2%2Fmedia&parent=101284"}],"wp:term":[{"taxonomy":"category","embeddable":true,"href":"https:\/\/archive.sana.sy\/es\/index.php?rest_route=%2Fwp%2Fv2%2Fcategories&post=101284"},{"taxonomy":"post_tag","embeddable":true,"href":"https:\/\/archive.sana.sy\/es\/index.php?rest_route=%2Fwp%2Fv2%2Ftags&post=101284"}],"curies":[{"name":"wp","href":"https:\/\/api.w.org\/{rel}","templated":true}]}}