{"id":101287,"date":"2019-02-25T20:25:14","date_gmt":"2019-02-25T18:25:14","guid":{"rendered":"https:\/\/sana.sy\/es\/?p=101287"},"modified":"2019-08-21T22:38:30","modified_gmt":"2019-08-21T19:38:30","slug":"presidente-al-assad-se-reune-con-el-jamenei-y-rohani","status":"publish","type":"post","link":"https:\/\/archive.sana.sy\/es\/?p=101287","title":{"rendered":"Presidente Al-Assad cumpli\u00f3 una visita de trabajo a la Rep\u00fablica Isl\u00e1mica de Ir\u00e1n"},"content":{"rendered":"<p><span style=\"color: #800000;\">Teher\u00e1n, SANA<\/span><\/p>\n<p style=\"text-align: justify;\">El presidente Bashar Al-Assad, cumpli\u00f3 este lunes una visita de trabajo a la Rep\u00fablica Isl\u00e1mica de Ir\u00e1n durante la cual se reuni\u00f3 con las m\u00e1ximas autoridades de este pa\u00eds.<\/p>\n<p style=\"text-align: justify;\"><span style=\"color: #0000ff;\">Jamenei reitera apoyo a Siria hasta su plena recuperaci\u00f3n y la eliminaci\u00f3n definitiva del terrorismo<\/span><\/p>\n<p style=\"text-align: justify;\">Durante su reuni\u00f3n con el L\u00edder Supremo de la Revoluci\u00f3n Isl\u00e1mica de Ir\u00e1n, Sayyed Ali Jamenei, el presidente expres\u00f3 sus felicitaciones al pueblo iran\u00ed por el cuadrag\u00e9simo aniversario del triunfo de la Revoluci\u00f3n Isl\u00e1mica.<\/p>\n<p style=\"text-align: justify;\">Durante un encuentro fraternal, fueron abordados temas relativos a las relaciones bilaterales; y en este sentido, se hizo \u00e9nfasis en que esas relaciones han constituido un factor principal en la firmeza de Siria e Ir\u00e1n de cara a los planes tramados por pa\u00edses hostiles que se han empe\u00f1ado a debilitar a los dos pa\u00edses y socavar su estabilidad, as\u00ed como promover el caos en toda la regi\u00f3n.<\/p>\n<p style=\"text-align: justify;\">Jamenei felicit\u00f3 al presidente Al-Assad, y al pueblo y ej\u00e9rcito de Siria, por las victorias alcanzadas sobre el terrorismo, y resalt\u00f3 que esas victorias han dado un duro golpe al proyecto occidental y estadounidense en la regi\u00f3n.<\/p>\n<p style=\"text-align: justify;\">Reiter\u00f3 el apoyo de Teher\u00e1n a Siria hasta su plena recuperaci\u00f3n y la eliminaci\u00f3n definitiva del terrorismo.<\/p>\n<p style=\"text-align: justify;\">Tambi\u00e9n se pas\u00f3 revista a la evoluci\u00f3n de la situaci\u00f3n en la regi\u00f3n, y al respecto, Al-Assad destac\u00f3 que \u201cpara lograr los intereses de los pueblos de la regi\u00f3n es necesario que sus gobiernos no se sometan a la voluntad de algunos pa\u00edses occidentales, a su frente Estados Unidos, y que adoptan pol\u00edticas equilibradas basadas en el respeto a la soberan\u00eda de los Estados y la no injerencia en sus asuntos internos.<\/p>\n<p style=\"text-align: justify;\">\u201cSometerse a los dem\u00e1s y cumplir sus dict\u00e1menes tiene repercusiones mucho peores de ser soberano e independiente en la decisi\u00f3n\u201d, puntualiz\u00f3 el presidente Al-Assad.<\/p>\n<p style=\"text-align: justify;\">Ambos lados enfatizaron que \u201clas pol\u00edticas de algunos pa\u00edses occidentales basadas en la escalada y la propagaci\u00f3n del caos, contra Siria e Ir\u00e1n, no disuadir\u00e1n a esos dos pa\u00edses de continuar defendiendo los intereses de sus pueblos y de apoyar las causas justas y los derechos de los pueblos de la regi\u00f3n.<\/p>\n<p style=\"text-align: justify;\"><span style=\"color: #0000ff;\">Rohani: La victoria de Siria es de Ir\u00e1n y de toda la naci\u00f3n isl\u00e1mica.<\/span><\/p>\n<p style=\"text-align: justify;\">De igual manera, el presidente Al-Assad sostuvo un encuentro con el presidente iran\u00ed Hassan Rohani.<\/p>\n<p style=\"text-align: justify;\">Ambos mandatarios manifestaron su satisfacci\u00f3n por el nivel estrat\u00e9gico de las relaciones bilaterales en los diferentes campos.<\/p>\n<p style=\"text-align: justify;\">El mandatario sirio agradeci\u00f3 a Ir\u00e1n por todo el apoyo que proporcion\u00f3 a Siria durante la guerra, mientras que el presidente Rohani afirm\u00f3 que el apoyo de Ir\u00e1n a Siria se bas\u00f3 en una postura de principios.<\/p>\n<p style=\"text-align: justify;\">\u201cLa victoria de Siria es de Ir\u00e1n y de toda la naci\u00f3n isl\u00e1mica\u201d, dijo Rohani y reafirm\u00f3 que su pa\u00eds continuar\u00e1 brindando todo lo que pueda al pueblo sirio para que pueda terminar con la erradicaci\u00f3n del terrorismo e iniciar el proceso de reconstrucci\u00f3n.<\/p>\n<p style=\"text-align: justify;\">Las conversaciones se centraron adem\u00e1s, en torno a los esfuerzos realizados en el marco del proceso de Astan\u00e1 para acabar con la guerra contra Siria. Al respecto, Rohani le inform\u00f3 al presidente Al-Assad sobre los resultados de la \u00faltima cumbre de Sochi.<\/p>\n<p style=\"text-align: justify;\">Los puntos de vista de ambos jefes de estado coincidieron sobre las formas de lograr un avance a base de la preservaci\u00f3n de la unidad territorial de Siria y su independencia y soberan\u00eda, as\u00ed como la erradicaci\u00f3n del terrorismo de todo el territorio sirio.<\/p>\n<p style=\"text-align: justify;\">Ambos mandatarios acordaron continuar la coordinaci\u00f3n y las consultas en todos los niveles.<\/p>\n<p><span style=\"color: #0000ff;\">Y. K.\/ F. Marouf\/ R. R.<\/span><\/p>\n<p><img decoding=\"async\" src=\"http:\/\/www.sana.sy\/wp-content\/uploads\/2019\/02\/asad.jpg\" \/><\/p>\n<p><img decoding=\"async\" src=\"http:\/\/www.sana.sy\/wp-content\/uploads\/2019\/02\/3-209.jpg\" \/><\/p>\n<p><img decoding=\"async\" src=\"http:\/\/www.sana.sy\/wp-content\/uploads\/2019\/02\/4-191.jpg\" \/><\/p>\n","protected":false},"excerpt":{"rendered":"<p>Teher\u00e1n, SANA El presidente Bashar Al-Assad, cumpli\u00f3 este lunes una visita de trabajo a la Rep\u00fablica Isl\u00e1mica de Ir\u00e1n durante la cual se reuni\u00f3 con las m\u00e1ximas autoridades de este pa\u00eds. Jamenei reitera apoyo a Siria hasta su plena recuperaci\u00f3n y la eliminaci\u00f3n definitiva del terrorismo Durante su reuni\u00f3n con el L\u00edder Supremo de la &hellip;<\/p>\n","protected":false},"author":1,"featured_media":101288,"comment_status":"closed","ping_status":"closed","sticky":false,"template":"","format":"standard","meta":{"footnotes":""},"categories":[597,16237,583,626],"tags":[14511],"class_list":["post-101287","post","type-post","status-publish","format-standard","has-post-thumbnail","","category-cinta-de-noticias","category-presidence-de-la-republique-arabe-syria","category-slide","category-sr-presidente","tag-presidente-al-assad-se-reune-con-jamenei-y-rohani-en-iran"],"_links":{"self":[{"href":"https:\/\/archive.sana.sy\/es\/index.php?rest_route=\/wp\/v2\/posts\/101287"}],"collection":[{"href":"https:\/\/archive.sana.sy\/es\/index.php?rest_route=\/wp\/v2\/posts"}],"about":[{"href":"https:\/\/archive.sana.sy\/es\/index.php?rest_route=\/wp\/v2\/types\/post"}],"author":[{"embeddable":true,"href":"https:\/\/archive.sana.sy\/es\/index.php?rest_route=\/wp\/v2\/users\/1"}],"replies":[{"embeddable":true,"href":"https:\/\/archive.sana.sy\/es\/index.php?rest_route=%2Fwp%2Fv2%2Fcomments&post=101287"}],"version-history":[{"count":0,"href":"https:\/\/archive.sana.sy\/es\/index.php?rest_route=\/wp\/v2\/posts\/101287\/revisions"}],"wp:featuredmedia":[{"embeddable":true,"href":"https:\/\/archive.sana.sy\/es\/index.php?rest_route=\/wp\/v2\/media\/101288"}],"wp:attachment":[{"href":"https:\/\/archive.sana.sy\/es\/index.php?rest_route=%2Fwp%2Fv2%2Fmedia&parent=101287"}],"wp:term":[{"taxonomy":"category","embeddable":true,"href":"https:\/\/archive.sana.sy\/es\/index.php?rest_route=%2Fwp%2Fv2%2Fcategories&post=101287"},{"taxonomy":"post_tag","embeddable":true,"href":"https:\/\/archive.sana.sy\/es\/index.php?rest_route=%2Fwp%2Fv2%2Ftags&post=101287"}],"curies":[{"name":"wp","href":"https:\/\/api.w.org\/{rel}","templated":true}]}}