{"id":10157,"date":"2014-09-28T19:27:28","date_gmt":"2014-09-28T16:27:28","guid":{"rendered":"http:\/\/sanasyria.org\/es\/?p=10157"},"modified":"2014-10-01T09:30:59","modified_gmt":"2014-10-01T06:30:59","slug":"al-halaki-existe-un-aumento-de-16-mil-millones-de-libras-sirias-en-el-presupuesto-general-de-este-ano","status":"publish","type":"post","link":"https:\/\/archive.sana.sy\/es\/?p=10157","title":{"rendered":"Al Halaki: existe un aumento de 16 mil millones de libras sirias en el presupuesto general de este a\u00f1o"},"content":{"rendered":"<p>Damasco-SANA<\/p>\n<p>El presidente del Consejo de Ministros Dr. Wael Al Halaki, afirm\u00f3 al encabezar el periodo de sesiones del Alto Consejo de Planificaci\u00f3n Econ\u00f3mica y social, que la emisi\u00f3n del Presupuesto General del Estado para el a\u00f1o 2015 al amparo de las circunstancias que vive el pa\u00eds, es una muestra m\u00e1s de la fortaleza del Estado sirio y su capacidad de enfrentar con firmeza todos los desaf\u00edos, demostrando que la voluntad del pueblo sirio es inquebrantable.<\/p>\n<p>Durante la reuni\u00f3n del Alto Consejo de Planificaci\u00f3n Econ\u00f3mica, el jefe del Ejecutivo Nacional se\u00f1al\u00f3 los principios y objetivos tomados en cuenta a la hora de definir el presupuesto general del estado para el a\u00f1o 2015 que toman en consideraci\u00f3n los requerimientos del proceso de desarrollo global y equilibrado, considerando como prioridad satisfacer las demandas b\u00e1sicas del p\u00fablico y mejorar el ritmo de trabajo de los sectores administrativos y de servicios para ofrecer los mejores servicios a los ciudadanos.<\/p>\n<p>Al Halaki revel\u00f3 que existe un aumento de 16 mil millones de libras sirias en el presupuesto general de este a\u00f1o en comparaci\u00f3n con el a\u00f1o pasado, agregando que eso ayudar\u00e1 a garantizar m\u00e1s oportunidades de trabajo y consolidar\u00e1 la pol\u00edtica del subsidio social.<\/p>\n<p>El jefe del gobierno destac\u00f3 la necesidad de seguir con los proyectos de una importante factibilidad econ\u00f3mica, se\u00f1alando al mismo tiempo la importancia de la formaci\u00f3n patri\u00f3tica e ideol\u00f3gica del individuo.<\/p>\n<p>Yamil K.<\/p>\n","protected":false},"excerpt":{"rendered":"<p>Damasco-SANA El presidente del Consejo de Ministros Dr. Wael Al Halaki, afirm\u00f3 al encabezar el periodo de sesiones del Alto Consejo de Planificaci\u00f3n Econ\u00f3mica y social, que la emisi\u00f3n del Presupuesto General del Estado para el a\u00f1o 2015 al amparo de las circunstancias que vive el pa\u00eds, es una muestra m\u00e1s de la fortaleza del &hellip;<\/p>\n","protected":false},"author":1,"featured_media":10158,"comment_status":"closed","ping_status":"closed","sticky":false,"template":"","format":"standard","meta":{"footnotes":""},"categories":[476],"tags":[],"class_list":["post-10157","post","type-post","status-publish","format-standard","has-post-thumbnail","","category-locales"],"_links":{"self":[{"href":"https:\/\/archive.sana.sy\/es\/index.php?rest_route=\/wp\/v2\/posts\/10157"}],"collection":[{"href":"https:\/\/archive.sana.sy\/es\/index.php?rest_route=\/wp\/v2\/posts"}],"about":[{"href":"https:\/\/archive.sana.sy\/es\/index.php?rest_route=\/wp\/v2\/types\/post"}],"author":[{"embeddable":true,"href":"https:\/\/archive.sana.sy\/es\/index.php?rest_route=\/wp\/v2\/users\/1"}],"replies":[{"embeddable":true,"href":"https:\/\/archive.sana.sy\/es\/index.php?rest_route=%2Fwp%2Fv2%2Fcomments&post=10157"}],"version-history":[{"count":0,"href":"https:\/\/archive.sana.sy\/es\/index.php?rest_route=\/wp\/v2\/posts\/10157\/revisions"}],"wp:featuredmedia":[{"embeddable":true,"href":"https:\/\/archive.sana.sy\/es\/index.php?rest_route=\/wp\/v2\/media\/10158"}],"wp:attachment":[{"href":"https:\/\/archive.sana.sy\/es\/index.php?rest_route=%2Fwp%2Fv2%2Fmedia&parent=10157"}],"wp:term":[{"taxonomy":"category","embeddable":true,"href":"https:\/\/archive.sana.sy\/es\/index.php?rest_route=%2Fwp%2Fv2%2Fcategories&post=10157"},{"taxonomy":"post_tag","embeddable":true,"href":"https:\/\/archive.sana.sy\/es\/index.php?rest_route=%2Fwp%2Fv2%2Ftags&post=10157"}],"curies":[{"name":"wp","href":"https:\/\/api.w.org\/{rel}","templated":true}]}}