{"id":10179,"date":"2014-09-29T12:49:15","date_gmt":"2014-09-29T09:49:15","guid":{"rendered":"http:\/\/sanasyria.org\/es\/?p=10179"},"modified":"2014-09-30T16:01:08","modified_gmt":"2014-09-30T13:01:08","slug":"unidades-de-las-fuerzas-armadas-bombardearon-sitios-de-terroristas-en-varias-zonas-del-pais","status":"publish","type":"post","link":"https:\/\/archive.sana.sy\/es\/?p=10179","title":{"rendered":"Unidades de las Fuerzas Armadas bombardearon\u00a0 sitios de terroristas en varias zonas del pa\u00eds"},"content":{"rendered":"<p><span style=\"color: #ff0000\"><strong>Provincias, SANA<\/strong><\/span><\/p>\n<p>Escuadras del ej\u00e9rcito asestaron fuertes golpes a agrupaciones terroristas en Kafer Zeta en el campo de Hama, donde eliminaron a numerosos y lesionaron a otros.<\/p>\n<p>Una fuente militar afirm\u00f3 que otras escuadras de las fuerzas armadas destruyeron\u00a0 pertrechos b\u00e9licos y escondites en Khan Shekhon en Idleb.<\/p>\n<p><span style=\"color: #0000ff\">Destruidos\u00a0 escondites de terroristas en el campo de Homs<\/span><\/p>\n<p>Unidades de las fuerzas armadas dejaron a numerosos de terroristas entre muertos y heridos, as\u00ed como les destruyeron escondites al este del pueblo Al Kom, y en las zonas de Huleh, Yaburin, Om Sharshoh y el Ganto.<\/p>\n<p>As\u00ed como de terroristas resultaron muertos o heridos tras la explosi\u00f3n de un coche cargado con minas y municiones en la zona de monte al Shaer en el campo de Palmira.<br \/>\n<span style=\"color: #0000ff\">Abatidos terroristas en Derra y su campo<\/span><\/p>\n<p>Fuentes militares afirmaron que unidades de las fuerzas armadas acabaron con numerosos terroristas y lesionaron a otros en los pueblos de Deir Adas, en\u00a0 Derra Al Balad y Tisia en la campi\u00f1a de Derra, as\u00ed tambi\u00e9n les destruyeron sus veh\u00edculos equipados con ametralladoras pesadas.<\/p>\n<p>Y en Derra al Balad, otras escuadras del ej\u00e9rcito aniquilaron a numerosos terroristas al oeste del distrito de Yarmouk.<\/p>\n<p>Una fuente militar a SANA, unidades de las Fuerzas Armadas en cooperaci\u00f3n con los grupos de la Defensa Popular desarrollan su ofensiva hacia la ciudad de Duma en el campo de Damasco, as\u00ed como extreman el control sobre el pueblo de Sawaan y las f\u00e1bricas y bosques en sus alrededores, donde contin\u00faan persiguiendo los<\/p>\n<p>Una fuente militar informo que unidades de las fuerzas armadas destruyeron a veh\u00edculos de terroristas en Ersal, Al Kalamoun, en el campo de Damasco.<\/p>\n<p>En Alepo, escuadras del ej\u00e9rcito aniquilaron a numerosos de terroristas y les destruyeron sus herramientas criminales en Khan Al Assal.<\/p>\n<p>Otras escuadras del ej\u00e9rcito arrasaron con terroristas y les destruyeron a sus escondites en las localidades de Tmanya, y Taftanar, en la provincia de Idleb, seg\u00fan informes de fuentes militares.<\/p>\n<p><span style=\"color: #0000ff\">Abatidos terroristas del EIIL en Dier Ezzor<\/span><\/p>\n<p>Una fuente provincial dijo que escuadras de las fuerzas armadas dejaron a terroristas del Estado Isl\u00e1mico de Irak y el Levante ente muertos y heridos en el barrio de Hamidieh y en la calle de Nakaya en la ciudad de Dier Ezzor.<\/p>\n<p>La fuente agreg\u00f3 que una unidad del ej\u00e9rcito apunt\u00f3 contra centros de concentraci\u00f3n de terroristas de dicha organizaci\u00f3n terrorista en la ciudad de Muhasan, dejando \u00a0varios de sus integrantes muertos o heridos, adem\u00e1s de destruirles sus armas y municiones.<\/p>\n<p><span style=\"color: #00ccff\">Hala B., Ryad Sh.-Yamil K.<\/span><\/p>\n","protected":false},"excerpt":{"rendered":"<p>Provincias, SANA Escuadras del ej\u00e9rcito asestaron fuertes golpes a agrupaciones terroristas en Kafer Zeta en el campo de Hama, donde eliminaron a numerosos y lesionaron a otros. Una fuente militar afirm\u00f3 que otras escuadras de las fuerzas armadas destruyeron\u00a0 pertrechos b\u00e9licos y escondites en Khan Shekhon en Idleb. Destruidos\u00a0 escondites de terroristas en el campo &hellip;<\/p>\n","protected":false},"author":1,"featured_media":10180,"comment_status":"closed","ping_status":"closed","sticky":false,"template":"","format":"standard","meta":{"footnotes":""},"categories":[573],"tags":[],"class_list":["post-10179","post","type-post","status-publish","format-standard","has-post-thumbnail","","category-la-realidad-de-los-acontecimientos-en-siria"],"_links":{"self":[{"href":"https:\/\/archive.sana.sy\/es\/index.php?rest_route=\/wp\/v2\/posts\/10179"}],"collection":[{"href":"https:\/\/archive.sana.sy\/es\/index.php?rest_route=\/wp\/v2\/posts"}],"about":[{"href":"https:\/\/archive.sana.sy\/es\/index.php?rest_route=\/wp\/v2\/types\/post"}],"author":[{"embeddable":true,"href":"https:\/\/archive.sana.sy\/es\/index.php?rest_route=\/wp\/v2\/users\/1"}],"replies":[{"embeddable":true,"href":"https:\/\/archive.sana.sy\/es\/index.php?rest_route=%2Fwp%2Fv2%2Fcomments&post=10179"}],"version-history":[{"count":0,"href":"https:\/\/archive.sana.sy\/es\/index.php?rest_route=\/wp\/v2\/posts\/10179\/revisions"}],"wp:featuredmedia":[{"embeddable":true,"href":"https:\/\/archive.sana.sy\/es\/index.php?rest_route=\/wp\/v2\/media\/10180"}],"wp:attachment":[{"href":"https:\/\/archive.sana.sy\/es\/index.php?rest_route=%2Fwp%2Fv2%2Fmedia&parent=10179"}],"wp:term":[{"taxonomy":"category","embeddable":true,"href":"https:\/\/archive.sana.sy\/es\/index.php?rest_route=%2Fwp%2Fv2%2Fcategories&post=10179"},{"taxonomy":"post_tag","embeddable":true,"href":"https:\/\/archive.sana.sy\/es\/index.php?rest_route=%2Fwp%2Fv2%2Ftags&post=10179"}],"curies":[{"name":"wp","href":"https:\/\/api.w.org\/{rel}","templated":true}]}}