{"id":102008,"date":"2019-03-08T20:17:39","date_gmt":"2019-03-08T18:17:39","guid":{"rendered":"https:\/\/www.sana.sy\/es\/?p=102008"},"modified":"2019-03-09T10:48:25","modified_gmt":"2019-03-09T08:48:25","slug":"ffaa-celebran-aniversario-de-la-revolucion-8-marzo-firmes-frente-al-terrorismo-respaldado-por-el-sionismo-y-ee-uu","status":"publish","type":"post","link":"https:\/\/archive.sana.sy\/es\/?p=102008","title":{"rendered":"Siria celebr\u00f3 el 56 aniversario de la Revoluci\u00f3n del 8 de Marzo"},"content":{"rendered":"<p style=\"text-align: justify;\"><span style=\"color: #800000;\">Damasco, SANA<\/span><\/p>\n<p style=\"text-align: justify;\">Siria celebr\u00f3 este viernes, el 56 aniversario de la Revoluci\u00f3n del 8 de Marzo que lider\u00f3 el Partido Baath \u00c1rabe Socialista en 1963\u2026<\/p>\n<p style=\"text-align: justify;\">En esta efem\u00e9ride, se efectuaron actos en los cuarteles y las unidades militares durante los cuales los comandantes hablaron sobre los significados de la Revoluci\u00f3n del 8 de Marzo que fue el fruto de una larga lucha nacional para acabar con la mentalidad reaccionaria y separatista.<\/p>\n<p style=\"text-align: justify;\">La Revoluci\u00f3n del 8 de Marzo fue un suceso trascendental y un gran logro que se alcanz\u00f3 gracias a una larga y dura lucha protagonizada por los trabajadores, obreros, campesinos, artesanos e intelectuales.<\/p>\n<p style=\"text-align: justify;\">La Revoluci\u00f3n contribuy\u00f3 a la construcci\u00f3n de una sociedad basada en la unidad, la libertad, la justicia social y el socialismo.<\/p>\n<p style=\"text-align: justify;\">Los logros de la Revoluci\u00f3n se consolidaron tras el Movimiento de Rectificaci\u00f3n que lider\u00f3 el expresidente Hafez Al-Assad el 16 de noviembre de 1970. Y uno de los m\u00e1s importantes logros de la Revoluci\u00f3n fue la consolidaci\u00f3n de la unidad nacional y la convivencia en la sociedad siria\u2026<\/p>\n<p style=\"text-align: justify;\">Tambi\u00e9n, llev\u00f3 a cabo un conjunto de cambios radicales en la esfera econ\u00f3mica, pol\u00edtica y social, con el fin de crear una base s\u00f3lida para el progreso y el desarrollo.<\/p>\n<p style=\"text-align: justify;\">La Revoluci\u00f3n del 8 de Marzo favoreci\u00f3 a las masas del pueblo al apoyar los derechos de los trabajadores y los campesinos, y a las capas m\u00e1s pobres de la sociedad frente a la injusticia y la explotaci\u00f3n.<\/p>\n<p style=\"text-align: justify;\">A nivel \u00e1rabe, la Revoluci\u00f3n trabaj\u00f3 para allanar el camino hacia el logro de la unidad \u00e1rabe y ha apoyado los movimientos de liberaci\u00f3n mundial y de lucha contra el imperialismo y el sionismo.<\/p>\n<p style=\"text-align: justify;\">Tambi\u00e9n, sembr\u00f3 las semillas de la cultura de la resistencia, basada en los valores de la libertad, la dignidad y la independencia.<\/p>\n<p style=\"text-align: justify;\">En el 56 aniversario de la Revoluci\u00f3n, Siria reafirma su decisi\u00f3n de hacer frente a la agresi\u00f3n y los planes destinados a fragmentar la naci\u00f3n y saquear sus riquezas y recursos.<\/p>\n<p style=\"text-align: justify;\">La guerra terrorista que enfrenta Siria hoy en d\u00eda reafirma que su objetivo principal es acabar una naci\u00f3n que se ha convertido en un foco de la dignidad y la resistencia.<\/p>\n<p style=\"text-align: justify;\"><span style=\"color: #0000ff;\">Riad Sh.\/ F. Marouf\/ R. Rashed\u00a0<\/span><\/p>\n<p><img decoding=\"async\" src=\"http:\/\/www.sana.sy\/wp-content\/uploads\/2019\/03\/1-80.jpg\" \/><\/p>\n<p><img decoding=\"async\" src=\"http:\/\/www.sana.sy\/wp-content\/uploads\/2019\/03\/12-35.jpg\" \/><\/p>\n","protected":false},"excerpt":{"rendered":"<p>Damasco, SANA Siria celebr\u00f3 este viernes, el 56 aniversario de la Revoluci\u00f3n del 8 de Marzo que lider\u00f3 el Partido Baath \u00c1rabe Socialista en 1963\u2026 En esta efem\u00e9ride, se efectuaron actos en los cuarteles y las unidades militares durante los cuales los comandantes hablaron sobre los significados de la Revoluci\u00f3n del 8 de Marzo que &hellip;<\/p>\n","protected":false},"author":31,"featured_media":102009,"comment_status":"closed","ping_status":"closed","sticky":false,"template":"","format":"standard","meta":{"footnotes":""},"categories":[597,476,583],"tags":[14632],"class_list":["post-102008","post","type-post","status-publish","format-standard","has-post-thumbnail","","category-cinta-de-noticias","category-locales","category-slide","tag-siria-celebro-el-56-aniversario-de-la-revolucion-del-8-de-marzo"],"_links":{"self":[{"href":"https:\/\/archive.sana.sy\/es\/index.php?rest_route=\/wp\/v2\/posts\/102008"}],"collection":[{"href":"https:\/\/archive.sana.sy\/es\/index.php?rest_route=\/wp\/v2\/posts"}],"about":[{"href":"https:\/\/archive.sana.sy\/es\/index.php?rest_route=\/wp\/v2\/types\/post"}],"author":[{"embeddable":true,"href":"https:\/\/archive.sana.sy\/es\/index.php?rest_route=\/wp\/v2\/users\/31"}],"replies":[{"embeddable":true,"href":"https:\/\/archive.sana.sy\/es\/index.php?rest_route=%2Fwp%2Fv2%2Fcomments&post=102008"}],"version-history":[{"count":0,"href":"https:\/\/archive.sana.sy\/es\/index.php?rest_route=\/wp\/v2\/posts\/102008\/revisions"}],"wp:featuredmedia":[{"embeddable":true,"href":"https:\/\/archive.sana.sy\/es\/index.php?rest_route=\/wp\/v2\/media\/102009"}],"wp:attachment":[{"href":"https:\/\/archive.sana.sy\/es\/index.php?rest_route=%2Fwp%2Fv2%2Fmedia&parent=102008"}],"wp:term":[{"taxonomy":"category","embeddable":true,"href":"https:\/\/archive.sana.sy\/es\/index.php?rest_route=%2Fwp%2Fv2%2Fcategories&post=102008"},{"taxonomy":"post_tag","embeddable":true,"href":"https:\/\/archive.sana.sy\/es\/index.php?rest_route=%2Fwp%2Fv2%2Ftags&post=102008"}],"curies":[{"name":"wp","href":"https:\/\/api.w.org\/{rel}","templated":true}]}}