{"id":102025,"date":"2019-03-09T11:52:09","date_gmt":"2019-03-09T09:52:09","guid":{"rendered":"https:\/\/www.sana.sy\/es\/?p=102025"},"modified":"2021-09-28T08:14:24","modified_gmt":"2021-09-28T05:14:24","slug":"un-grupo-de-mujeres-sirias-recorren-damasco-en-bicicletas-con-motivo-del-dia-internacional-de-la-mujer","status":"publish","type":"post","link":"https:\/\/archive.sana.sy\/es\/?p=102025","title":{"rendered":"Un grupo de mujeres sirias recorren Damasco en bicicletas con motivo del D\u00eda internacional de la Mujer."},"content":{"rendered":"<p><span style=\"color: #800000;\">Damasco, SANA<\/span><\/p>\n<p style=\"text-align: justify;\">En conmemoraci\u00f3n del D\u00eda Internacional de la Mujer, un grupo de mujeres organiz\u00f3 ayer el evento \u00a8V\u00e1monos por Bicicleta\u00a8 en Damasco, con la finalidad de animar a las mujeres a montar la bicicleta y practicar cualquier afici\u00f3n deseable para afianzar su autoestima y confianza frente a los retos cotidianos.<\/p>\n<p style=\"text-align: justify;\">La marcha empez\u00f3 desde la zona de Bab Tuma pasando por varios distritos para finalmente volver al mismo punto de partida.<\/p>\n<p><span style=\"color: #0000ff;\">Lynn A.\/ Riad Sh.<\/span><\/p>\n<div id='gallery-1' class='gallery galleryid-102025 gallery-columns-2 gallery-size-large'><figure class='gallery-item'>\n\t\t\t<div class='gallery-icon landscape'>\n\t\t\t\t<a href='https:\/\/archive.sana.sy\/es\/wp-content\/uploads\/2019\/03\/2-1-1.jpg'><img loading=\"lazy\" decoding=\"async\" width=\"618\" height=\"412\" src=\"https:\/\/archive.sana.sy\/es\/wp-content\/uploads\/2019\/03\/2-1-1-1024x683.jpg\" class=\"attachment-large size-large\" alt=\"\" srcset=\"https:\/\/archive.sana.sy\/es\/wp-content\/uploads\/2019\/03\/2-1-1-1024x683.jpg 1024w, https:\/\/archive.sana.sy\/es\/wp-content\/uploads\/2019\/03\/2-1-1-150x100.jpg 150w, https:\/\/archive.sana.sy\/es\/wp-content\/uploads\/2019\/03\/2-1-1-300x200.jpg 300w, https:\/\/archive.sana.sy\/es\/wp-content\/uploads\/2019\/03\/2-1-1-768x512.jpg 768w\" sizes=\"(max-width: 618px) 100vw, 618px\" \/><\/a>\n\t\t\t<\/div><\/figure><figure class='gallery-item'>\n\t\t\t<div class='gallery-icon landscape'>\n\t\t\t\t<a href='https:\/\/archive.sana.sy\/es\/wp-content\/uploads\/2019\/03\/2-3-1.jpg'><img loading=\"lazy\" decoding=\"async\" width=\"618\" height=\"412\" src=\"https:\/\/archive.sana.sy\/es\/wp-content\/uploads\/2019\/03\/2-3-1-1024x683.jpg\" class=\"attachment-large size-large\" alt=\"\" srcset=\"https:\/\/archive.sana.sy\/es\/wp-content\/uploads\/2019\/03\/2-3-1-1024x683.jpg 1024w, https:\/\/archive.sana.sy\/es\/wp-content\/uploads\/2019\/03\/2-3-1-150x100.jpg 150w, https:\/\/archive.sana.sy\/es\/wp-content\/uploads\/2019\/03\/2-3-1-300x200.jpg 300w, https:\/\/archive.sana.sy\/es\/wp-content\/uploads\/2019\/03\/2-3-1-768x512.jpg 768w\" sizes=\"(max-width: 618px) 100vw, 618px\" \/><\/a>\n\t\t\t<\/div><\/figure><figure class='gallery-item'>\n\t\t\t<div class='gallery-icon landscape'>\n\t\t\t\t<a href='https:\/\/archive.sana.sy\/es\/wp-content\/uploads\/2019\/03\/2-4-1.jpg'><img loading=\"lazy\" decoding=\"async\" width=\"618\" height=\"412\" src=\"https:\/\/archive.sana.sy\/es\/wp-content\/uploads\/2019\/03\/2-4-1-1024x683.jpg\" class=\"attachment-large size-large\" alt=\"\" srcset=\"https:\/\/archive.sana.sy\/es\/wp-content\/uploads\/2019\/03\/2-4-1-1024x683.jpg 1024w, https:\/\/archive.sana.sy\/es\/wp-content\/uploads\/2019\/03\/2-4-1-150x100.jpg 150w, https:\/\/archive.sana.sy\/es\/wp-content\/uploads\/2019\/03\/2-4-1-300x200.jpg 300w, https:\/\/archive.sana.sy\/es\/wp-content\/uploads\/2019\/03\/2-4-1-768x512.jpg 768w\" sizes=\"(max-width: 618px) 100vw, 618px\" \/><\/a>\n\t\t\t<\/div><\/figure><figure class='gallery-item'>\n\t\t\t<div class='gallery-icon landscape'>\n\t\t\t\t<a href='https:\/\/archive.sana.sy\/es\/wp-content\/uploads\/2019\/03\/2-5-1.jpg'><img loading=\"lazy\" decoding=\"async\" width=\"618\" height=\"412\" src=\"https:\/\/archive.sana.sy\/es\/wp-content\/uploads\/2019\/03\/2-5-1-1024x683.jpg\" class=\"attachment-large size-large\" alt=\"\" srcset=\"https:\/\/archive.sana.sy\/es\/wp-content\/uploads\/2019\/03\/2-5-1-1024x683.jpg 1024w, https:\/\/archive.sana.sy\/es\/wp-content\/uploads\/2019\/03\/2-5-1-150x100.jpg 150w, https:\/\/archive.sana.sy\/es\/wp-content\/uploads\/2019\/03\/2-5-1-300x200.jpg 300w, https:\/\/archive.sana.sy\/es\/wp-content\/uploads\/2019\/03\/2-5-1-768x512.jpg 768w\" sizes=\"(max-width: 618px) 100vw, 618px\" \/><\/a>\n\t\t\t<\/div><\/figure>\n\t\t<\/div>\n\n<p>&nbsp;<\/p>\n","protected":false},"excerpt":{"rendered":"<p>Damasco, SANA En conmemoraci\u00f3n del D\u00eda Internacional de la Mujer, un grupo de mujeres organiz\u00f3 ayer el evento \u00a8V\u00e1monos por Bicicleta\u00a8 en Damasco, con la finalidad de animar a las mujeres a montar la bicicleta y practicar cualquier afici\u00f3n deseable para afianzar su autoestima y confianza frente a los retos cotidianos. La marcha empez\u00f3 desde &hellip;<\/p>\n","protected":false},"author":31,"featured_media":102026,"comment_status":"closed","ping_status":"closed","sticky":false,"template":"","format":"standard","meta":{"footnotes":""},"categories":[597,19549,571,7541],"tags":[14637],"class_list":["post-102025","post","type-post","status-publish","format-standard","has-post-thumbnail","","category-cinta-de-noticias","category-ellas","category-siria-en-fotos","category-ultimas-noticias","tag-un-grupo-de-mujeres-sirias-recorren-damasco-en-bicicletas-con-motivo-del-dia-internacional-de-la-mujer"],"_links":{"self":[{"href":"https:\/\/archive.sana.sy\/es\/index.php?rest_route=\/wp\/v2\/posts\/102025"}],"collection":[{"href":"https:\/\/archive.sana.sy\/es\/index.php?rest_route=\/wp\/v2\/posts"}],"about":[{"href":"https:\/\/archive.sana.sy\/es\/index.php?rest_route=\/wp\/v2\/types\/post"}],"author":[{"embeddable":true,"href":"https:\/\/archive.sana.sy\/es\/index.php?rest_route=\/wp\/v2\/users\/31"}],"replies":[{"embeddable":true,"href":"https:\/\/archive.sana.sy\/es\/index.php?rest_route=%2Fwp%2Fv2%2Fcomments&post=102025"}],"version-history":[{"count":0,"href":"https:\/\/archive.sana.sy\/es\/index.php?rest_route=\/wp\/v2\/posts\/102025\/revisions"}],"wp:featuredmedia":[{"embeddable":true,"href":"https:\/\/archive.sana.sy\/es\/index.php?rest_route=\/wp\/v2\/media\/102026"}],"wp:attachment":[{"href":"https:\/\/archive.sana.sy\/es\/index.php?rest_route=%2Fwp%2Fv2%2Fmedia&parent=102025"}],"wp:term":[{"taxonomy":"category","embeddable":true,"href":"https:\/\/archive.sana.sy\/es\/index.php?rest_route=%2Fwp%2Fv2%2Fcategories&post=102025"},{"taxonomy":"post_tag","embeddable":true,"href":"https:\/\/archive.sana.sy\/es\/index.php?rest_route=%2Fwp%2Fv2%2Ftags&post=102025"}],"curies":[{"name":"wp","href":"https:\/\/api.w.org\/{rel}","templated":true}]}}