{"id":102049,"date":"2019-03-09T11:36:29","date_gmt":"2019-03-09T09:36:29","guid":{"rendered":"https:\/\/sana.sy\/es\/?p=102049"},"modified":"2019-03-09T23:05:46","modified_gmt":"2019-03-09T21:05:46","slug":"el-ejercito-repele-un-ataque-terrorista-en-el-campo-norte-de-hama","status":"publish","type":"post","link":"https:\/\/archive.sana.sy\/es\/?p=102049","title":{"rendered":"El ej\u00e9rcito repele un ataque terrorista en el campo norte de Hama"},"content":{"rendered":"<p style=\"text-align: justify;\"><span style=\"color: #800000;\">Hama, SANA<\/span><\/p>\n<p style=\"text-align: justify;\">Una unidad del ej\u00e9rcito \u00e1rabe sirio frustr\u00f3 un ataque orquestado hacia los puntos militares al noroeste de la ciudad de Sakilipiya, en el campo norte de Hama, caus\u00e1ndoles bajas y heridos.<\/p>\n<p style=\"text-align: justify;\">Horas antes \u00a0el reportero de SANA dijo que una unidad del ej\u00e9rcito destruy\u00f3 un base de cohetes y morteros de grupos armados al norte de Ma&#8217;an en respuesta al ataque con proyectiles fragmentarios en respuesta a ataques sobre\u00a0 Ma&#8217;an y al-Masaneh.<\/p>\n<p style=\"text-align: justify;\"><span style=\"color: #0000ff;\">E. Dubian\/ Riad Sh.<\/span><\/p>\n","protected":false},"excerpt":{"rendered":"<p>Hama, SANA Una unidad del ej\u00e9rcito \u00e1rabe sirio frustr\u00f3 un ataque orquestado hacia los puntos militares al noroeste de la ciudad de Sakilipiya, en el campo norte de Hama, caus\u00e1ndoles bajas y heridos. Horas antes \u00a0el reportero de SANA dijo que una unidad del ej\u00e9rcito destruy\u00f3 un base de cohetes y morteros de grupos armados &hellip;<\/p>\n","protected":false},"author":32,"featured_media":102052,"comment_status":"closed","ping_status":"closed","sticky":false,"template":"","format":"standard","meta":{"footnotes":""},"categories":[573],"tags":[14633],"class_list":["post-102049","post","type-post","status-publish","format-standard","has-post-thumbnail","","category-la-realidad-de-los-acontecimientos-en-siria","tag-el-ejercito-repele-un-ataque-terrorista-en-el-campo-norte-de-hama"],"_links":{"self":[{"href":"https:\/\/archive.sana.sy\/es\/index.php?rest_route=\/wp\/v2\/posts\/102049"}],"collection":[{"href":"https:\/\/archive.sana.sy\/es\/index.php?rest_route=\/wp\/v2\/posts"}],"about":[{"href":"https:\/\/archive.sana.sy\/es\/index.php?rest_route=\/wp\/v2\/types\/post"}],"author":[{"embeddable":true,"href":"https:\/\/archive.sana.sy\/es\/index.php?rest_route=\/wp\/v2\/users\/32"}],"replies":[{"embeddable":true,"href":"https:\/\/archive.sana.sy\/es\/index.php?rest_route=%2Fwp%2Fv2%2Fcomments&post=102049"}],"version-history":[{"count":0,"href":"https:\/\/archive.sana.sy\/es\/index.php?rest_route=\/wp\/v2\/posts\/102049\/revisions"}],"wp:featuredmedia":[{"embeddable":true,"href":"https:\/\/archive.sana.sy\/es\/index.php?rest_route=\/wp\/v2\/media\/102052"}],"wp:attachment":[{"href":"https:\/\/archive.sana.sy\/es\/index.php?rest_route=%2Fwp%2Fv2%2Fmedia&parent=102049"}],"wp:term":[{"taxonomy":"category","embeddable":true,"href":"https:\/\/archive.sana.sy\/es\/index.php?rest_route=%2Fwp%2Fv2%2Fcategories&post=102049"},{"taxonomy":"post_tag","embeddable":true,"href":"https:\/\/archive.sana.sy\/es\/index.php?rest_route=%2Fwp%2Fv2%2Ftags&post=102049"}],"curies":[{"name":"wp","href":"https:\/\/api.w.org\/{rel}","templated":true}]}}