{"id":102077,"date":"2019-03-09T18:24:12","date_gmt":"2019-03-09T16:24:12","guid":{"rendered":"https:\/\/sana.sy\/es\/?p=102077"},"modified":"2019-03-10T10:47:09","modified_gmt":"2019-03-10T08:47:09","slug":"el-secretariado-de-al-quds-internacional-reafirma-su-respaldo-a-la-resistencia-y-su-rechazo-a-la-normalizacion-con-el-enemigo-sionista","status":"publish","type":"post","link":"https:\/\/archive.sana.sy\/es\/?p=102077","title":{"rendered":"Shabaan: la embestida contra Siria apunta directamente a la Causa Palestina"},"content":{"rendered":"<p style=\"text-align: justify;\"><span style=\"color: #800000;\">Damasco, SANA<\/span><\/p>\n<p style=\"text-align: justify;\">Bouzeina Shaaban, Asesora Pol\u00edtica y de Prensa en la Presidencia de la Rep\u00fablica, y presidenta del Secretariado de la Fundaci\u00f3n Internacional de Al-Quds, afirm\u00f3 que los m\u00e1rtires de Siria que sacrificaron sus vidas en la batalla contra el terrorismo son m\u00e1rtires de Palestina porque el ataque contra Siria lo es tambi\u00e9n contra la Causa Palestina.<\/p>\n<p style=\"text-align: justify;\">En una rueda de prensa celebrada al t\u00e9rmino de la reuni\u00f3n anual del Secretariado de dicha instituci\u00f3n, Shaaban dijo: \u201cla embestida sufrida por los pueblos de la regi\u00f3n durante los \u00faltimos a\u00f1os ten\u00eda el objetivo de poner fin al conflicto con el enemigo israel\u00ed y desviar la br\u00fajula para consular los intereses del enemigo\u201d.<\/p>\n<p style=\"text-align: justify;\">Recalc\u00f3 que \u201cel proyecto conspirativo no pasar\u00e1 y Palestina permanecer\u00e1 como la br\u00fajula y su principal t\u00edtulo\u201d.<\/p>\n<p style=\"text-align: justify;\">La asesora presidencial siria afirm\u00f3 que el terrorismo que golpe\u00f3 a Siria, Yemen, Irak y Libia tiene su origen en el enemigo sionista que asist\u00eda a los terroristas,pues el designio del terrorismo es fragmentar la zona y lograr los objetivos sionistas all\u00ed.<\/p>\n<p style=\"text-align: justify;\">En una nota para la prensa le\u00edda por el director general de Al-Quds Internacional, Khalaf al-Muftah, la instituci\u00f3n afirm\u00f3 que el triunfo de Siria es un triunfo para Palestina y para todas las personas libres en el concierto internacional y la humanidad.<\/p>\n<p style=\"text-align: justify;\">La nota llam\u00f3 a rechazar todas las formas de normalizaci\u00f3n con el enemigo sionista y considerareso como una traici\u00f3n hist\u00f3rica a los sacrificios de la naci\u00f3n y malbarata los derechos palestinos.<\/p>\n<p style=\"text-align: justify;\">\u201cAl-Quds Internacional confirma su apoyo a la resistencia libanesa y su rechazo a las maquinaciones occidentales en su contra\u201d, agreg\u00f3 la nota.<\/p>\n<p style=\"text-align: justify;\">Tambi\u00e9n expres\u00f3 su convicci\u00f3n en la victoria de Venezuela sobre la agresi\u00f3n externa al igual que lo hizo Siria, y reafirm\u00f3 el apoyo al pueblo venezolano y su gobierno leg\u00edtimo, y adem\u00e1s rechaz\u00f3 categ\u00f3ricamente toda forma de injerencia en los asuntos soberanos de este pa\u00eds latinoamericano.<\/p>\n<p style=\"text-align: justify;\"><span style=\"color: #0000ff;\">Riad Sh.\/ F. Marouf\/ R. Rashed<\/span><\/p>\n","protected":false},"excerpt":{"rendered":"<p>Damasco, SANA Bouzeina Shaaban, Asesora Pol\u00edtica y de Prensa en la Presidencia de la Rep\u00fablica, y presidenta del Secretariado de la Fundaci\u00f3n Internacional de Al-Quds, afirm\u00f3 que los m\u00e1rtires de Siria que sacrificaron sus vidas en la batalla contra el terrorismo son m\u00e1rtires de Palestina porque el ataque contra Siria lo es tambi\u00e9n contra la &hellip;<\/p>\n","protected":false},"author":31,"featured_media":102078,"comment_status":"closed","ping_status":"closed","sticky":false,"template":"","format":"standard","meta":{"footnotes":""},"categories":[597,476,7541],"tags":[14645],"class_list":["post-102077","post","type-post","status-publish","format-standard","has-post-thumbnail","","category-cinta-de-noticias","category-locales","category-ultimas-noticias","tag-shabaan-la-embestida-contra-siria-apunta-directamente-a-la-causa-palestina"],"_links":{"self":[{"href":"https:\/\/archive.sana.sy\/es\/index.php?rest_route=\/wp\/v2\/posts\/102077"}],"collection":[{"href":"https:\/\/archive.sana.sy\/es\/index.php?rest_route=\/wp\/v2\/posts"}],"about":[{"href":"https:\/\/archive.sana.sy\/es\/index.php?rest_route=\/wp\/v2\/types\/post"}],"author":[{"embeddable":true,"href":"https:\/\/archive.sana.sy\/es\/index.php?rest_route=\/wp\/v2\/users\/31"}],"replies":[{"embeddable":true,"href":"https:\/\/archive.sana.sy\/es\/index.php?rest_route=%2Fwp%2Fv2%2Fcomments&post=102077"}],"version-history":[{"count":0,"href":"https:\/\/archive.sana.sy\/es\/index.php?rest_route=\/wp\/v2\/posts\/102077\/revisions"}],"wp:featuredmedia":[{"embeddable":true,"href":"https:\/\/archive.sana.sy\/es\/index.php?rest_route=\/wp\/v2\/media\/102078"}],"wp:attachment":[{"href":"https:\/\/archive.sana.sy\/es\/index.php?rest_route=%2Fwp%2Fv2%2Fmedia&parent=102077"}],"wp:term":[{"taxonomy":"category","embeddable":true,"href":"https:\/\/archive.sana.sy\/es\/index.php?rest_route=%2Fwp%2Fv2%2Fcategories&post=102077"},{"taxonomy":"post_tag","embeddable":true,"href":"https:\/\/archive.sana.sy\/es\/index.php?rest_route=%2Fwp%2Fv2%2Ftags&post=102077"}],"curies":[{"name":"wp","href":"https:\/\/api.w.org\/{rel}","templated":true}]}}