{"id":102122,"date":"2019-03-10T10:51:18","date_gmt":"2019-03-10T08:51:18","guid":{"rendered":"https:\/\/sana.sy\/es\/?p=102122"},"modified":"2023-01-10T15:34:59","modified_gmt":"2023-01-10T13:34:59","slug":"titulares-nacionales-e-internacionales-de-la-prensa-siria-7","status":"publish","type":"post","link":"https:\/\/archive.sana.sy\/es\/?p=102122","title":{"rendered":"Titulares nacionales e internacionales de la prensa siria"},"content":{"rendered":"<p style=\"text-align: justify;\"><span style=\"color: #800000;\">Damasco, SANA<\/span><\/p>\n<p style=\"text-align: justify;\">Los principales diarios y medios de comunicaci\u00f3n sirios destacaron los siguientes titulares del \u00e1mbito nacional e internacional:<\/p>\n<p style=\"text-align: justify;\">&#8211; Vicecancilleres de China y Siria sostienen conversaciones bilaterales en la capital Damasco.<\/p>\n<p style=\"text-align: justify;\">&#8211; Mekdad ensalza la ayuda humanitaria donada por China a Siria para afianzar la firmeza del pueblo sirio ante las sanciones econ\u00f3micas impuestas por EE.UU. y sus aliados.<\/p>\n<p style=\"text-align: justify;\">&#8211; Shabaan destaca que la embestida contra Siria apunta directamente a la Causa Palestina.<\/p>\n<p style=\"text-align: justify;\">&#8211; La Fundaci\u00f3n Internacional Al-Quds reitera que el triunfo de Siria es un triunfo para Palestina y para todos los libres en el mundo.<\/p>\n<p style=\"text-align: justify;\">&#8211; Embajada de Siria en La Habana condecora a 14 luchadores cubanos que combatieron junto al ej\u00e9rcito sirio en la guerra de liberaci\u00f3n de Octubre.<\/p>\n<p style=\"text-align: justify;\">&#8211; Ej\u00e9rcito sirio abate a decenas de terroristas que atacaron uno de sus posiciones en el campo norte de Hama.<\/p>\n<p style=\"text-align: justify;\">&#8211; Bombardeos terroristas con cohetes contra la ciudad de Mahardeh y los poblados de Maan y Masasneh en el norte de la provincia de Hama.<\/p>\n<p style=\"text-align: justify;\">&#8211; Consejo de Secretarios de la Fundaci\u00f3n Internacional Al-Quds confirma su apoyo a la resistencia y su rechaza a todas formaci\u00f3n de normalizaci\u00f3n con Israel.<\/p>\n<p style=\"text-align: justify;\">&#8211; Ponen en servicio una panader\u00eda m\u00f3vil para atender las necesidades de la poblaci\u00f3n de Deir Ezzor.<\/p>\n<p style=\"text-align: justify;\">&#8211; Unidades del Ej\u00e9rcito repelen ataques de grupos terroristas contra sus posiciones militares en Hama.<\/p>\n<p style=\"text-align: justify;\">&#8211; Mosc\u00fa y Damasco aseguran que la situaci\u00f3n de los civiles retenidos en el Campamento de Rukban es desastrosa e instan a Washington para sacar sus fuerzas de la zona.<\/p>\n<p style=\"text-align: justify;\">&#8211; Equipo sirio de ajedrez gana segundo puesto en el Campeonato \u00c1rabe de Ajedrez en T\u00fanez.<\/p>\n<p style=\"text-align: justify;\">&#8211; Ocho civiles pierden la vida y otros 11 resultan heridos al estallarse una mina remanente del Daesh en el desierto de Palmira.<\/p>\n<p style=\"text-align: justify;\">&#8211; Mueren dos ni\u00f1os en la explosi\u00f3n de una mina terrorista en el este de Hama.<\/p>\n<p style=\"text-align: justify;\">&#8211; Secretario General de la ONU tacha de crimen de guerra al bombardeo con bombas de f\u00f3sforo blanco por parte de la coalici\u00f3n<\/p>\n<p style=\"text-align: justify;\">nternacional contra Baghuz.<\/p>\n<p style=\"text-align: justify;\">&#8211; Cierran las calles cercanas al parlamento en Londres por un coche sospechoso.<\/p>\n<p style=\"text-align: justify;\">&#8211; Canciller iran\u00ed dice que nadie puede influir negativamente sobre las relaciones entre Ir\u00e1n e Irak.<\/p>\n<p style=\"text-align: justify;\">&#8211; Vicepresidente de Ir\u00e1n dice que Washington fracas\u00f3 en lograr sus objetivos de destruir la econom\u00eda iran\u00ed.<\/p>\n<p style=\"text-align: justify;\">&#8211; Mosc\u00fa tacha de provocaci\u00f3n el intento de un diplom\u00e1tico estadounidense de trasladar un proyectil de mortero a trav\u00e9s del aeropuerto de Mosc\u00fa.<\/p>\n<p style=\"text-align: justify;\">&#8211; Canciller\u00eda yemen\u00ed insta a la ONU a implicarse en la implementaci\u00f3n del acuerdo de Suecia.<\/p>\n<p style=\"text-align: justify;\">&#8211; Maduro asegura que EE.UU es responsable de los cortes de electricidad en Venezuela.<\/p>\n<p style=\"text-align: justify;\">&#8211; Ej\u00e9rcito yemen\u00ed abate a mercenarios saud\u00edes en la zona de Al-Jawf.<\/p>\n<p style=\"text-align: justify;\">Ej\u00e9rcito iraqu\u00ed desactiva a cadenas de minas flotantes en la laguna de Habbanieh.<\/p>\n<p style=\"text-align: justify;\"><span style=\"color: #0000ff;\">F. Marouf\/ E. Dubian<\/span><\/p>\n","protected":false},"excerpt":{"rendered":"<p>Damasco, SANA Los principales diarios y medios de comunicaci\u00f3n sirios destacaron los siguientes titulares del \u00e1mbito nacional e internacional: &#8211; Vicecancilleres de China y Siria sostienen conversaciones bilaterales en la capital Damasco. &#8211; Mekdad ensalza la ayuda humanitaria donada por China a Siria para afianzar la firmeza del pueblo sirio ante las sanciones econ\u00f3micas impuestas &hellip;<\/p>\n","protected":false},"author":32,"featured_media":102123,"comment_status":"closed","ping_status":"closed","sticky":false,"template":"","format":"standard","meta":{"footnotes":""},"categories":[447,555,597,7541],"tags":[14167],"class_list":["post-102122","post","type-post","status-publish","format-standard","has-post-thumbnail","","category-local-politica","category-prensa","category-cinta-de-noticias","category-ultimas-noticias","tag-titulares-nacionales-e-internacionales-de-la-prensa-siria"],"_links":{"self":[{"href":"https:\/\/archive.sana.sy\/es\/index.php?rest_route=\/wp\/v2\/posts\/102122"}],"collection":[{"href":"https:\/\/archive.sana.sy\/es\/index.php?rest_route=\/wp\/v2\/posts"}],"about":[{"href":"https:\/\/archive.sana.sy\/es\/index.php?rest_route=\/wp\/v2\/types\/post"}],"author":[{"embeddable":true,"href":"https:\/\/archive.sana.sy\/es\/index.php?rest_route=\/wp\/v2\/users\/32"}],"replies":[{"embeddable":true,"href":"https:\/\/archive.sana.sy\/es\/index.php?rest_route=%2Fwp%2Fv2%2Fcomments&post=102122"}],"version-history":[{"count":0,"href":"https:\/\/archive.sana.sy\/es\/index.php?rest_route=\/wp\/v2\/posts\/102122\/revisions"}],"wp:featuredmedia":[{"embeddable":true,"href":"https:\/\/archive.sana.sy\/es\/index.php?rest_route=\/wp\/v2\/media\/102123"}],"wp:attachment":[{"href":"https:\/\/archive.sana.sy\/es\/index.php?rest_route=%2Fwp%2Fv2%2Fmedia&parent=102122"}],"wp:term":[{"taxonomy":"category","embeddable":true,"href":"https:\/\/archive.sana.sy\/es\/index.php?rest_route=%2Fwp%2Fv2%2Fcategories&post=102122"},{"taxonomy":"post_tag","embeddable":true,"href":"https:\/\/archive.sana.sy\/es\/index.php?rest_route=%2Fwp%2Fv2%2Ftags&post=102122"}],"curies":[{"name":"wp","href":"https:\/\/api.w.org\/{rel}","templated":true}]}}