{"id":102125,"date":"2019-03-10T11:02:17","date_gmt":"2019-03-10T09:02:17","guid":{"rendered":"https:\/\/sana.sy\/es\/?p=102125"},"modified":"2019-03-10T11:02:17","modified_gmt":"2019-03-10T09:02:17","slug":"condecoran-a-antiguos-combatientes-cubanos-que-lucharon-junto-a-sus-hermanos-sirios-en-la-guerra-de-liberacion-de-octubre","status":"publish","type":"post","link":"https:\/\/archive.sana.sy\/es\/?p=102125","title":{"rendered":"Condecoran a antiguos combatientes cubanos que lucharon junto a sus hermanos sirios en la Guerra de Liberaci\u00f3n de Octubre"},"content":{"rendered":"<p style=\"text-align: justify;\"><span style=\"color: #800000;\">SANA, La Habana<\/span><\/p>\n<p style=\"text-align: justify;\">La Embajada de Siria en La Habana condecor\u00f3 a antiguos combatientes cubanos que estuvieron en Siria en el a\u00f1o 1974, durante la Guerra de Liberaci\u00f3n de Octubre.<\/p>\n<p style=\"text-align: justify;\">La ceremonia de condecoraci\u00f3n tuvo lugar en la Casa Residencial Siria en La Habana y fue organizada en cooperaci\u00f3n con la rama en Cuba de la Uni\u00f3n Nacional de Estudiantes Sirios.<\/p>\n<p style=\"text-align: justify;\">Los veteranos cubanos recordaron con orgullo su participaci\u00f3n en la Guerra de Liberaci\u00f3n de Octubre y afirmaron que vieron con sus propios ojos c\u00f3mo el mito del ej\u00e9rcito israel\u00ed fue destruido por los militares sirios.<\/p>\n<p style=\"text-align: justify;\">Asimismo, aseguraron que las haza\u00f1as y heroicidades del ej\u00e9rcito sirio en su actual lucha contra las organizaciones terroristas son parecidas a las victorias logradas durante la Guerra de Octubre en 1973.<\/p>\n<p style=\"text-align: justify;\">&#8220;Siria ganar\u00e1 su guerra contra el terrorismo gracias a la honestidad y los sacrificios del Ej\u00e9rcito \u00c1rabe Sirio&#8221;, opinaron los veteranos cubanos.<\/p>\n<p style=\"text-align: justify;\">El embajador sirio en Cuba, Idris Mayya, pronunci\u00f3 unas palabras en las que dijo que la iniciativa del comandante Fidel Castro de participar en la guerra de octubre de 1973 encarna sus convicciones, principios y valores revolucionarios, y parte de su fe de que Siria y Cuba est\u00e1n en una misma trinchera de lucha contra el imperialismo global y sus herramientas en la regi\u00f3n, a su frente la entidad sionista.<\/p>\n<p style=\"text-align: justify;\">El diplom\u00e1tico sirio destac\u00f3 que la iniciativa reafirma las hist\u00f3ricas relaciones entre Siria y Cuba, que fueron consolidadas por los l\u00edderes Hafez Al-Assad y Fidel Castro.<\/p>\n<p style=\"text-align: justify;\">Luego, se entregaron certificados de reconocimiento a 14 antiguos combatientes cubanos que participaron junto al ej\u00e9rcito sirio en las batallas de honor y hero\u00edsmo durante la guerra de liberaci\u00f3n de octubre.<\/p>\n<p style=\"text-align: justify;\">Asistieron a la ceremonia, funcionarios de los ministerios de Relaciones Exteriores y de Defensa de Cuba, y del Comit\u00e9 Central del Partido Comunista de Cuba.<\/p>\n<p style=\"text-align: justify;\"><span style=\"color: #0000ff;\">F. Marouf\/ E. Dubian<\/span><\/p>\n","protected":false},"excerpt":{"rendered":"<p>SANA, La Habana La Embajada de Siria en La Habana condecor\u00f3 a antiguos combatientes cubanos que estuvieron en Siria en el a\u00f1o 1974, durante la Guerra de Liberaci\u00f3n de Octubre. La ceremonia de condecoraci\u00f3n tuvo lugar en la Casa Residencial Siria en La Habana y fue organizada en cooperaci\u00f3n con la rama en Cuba de &hellip;<\/p>\n","protected":false},"author":32,"featured_media":102126,"comment_status":"closed","ping_status":"closed","sticky":false,"template":"","format":"standard","meta":{"footnotes":""},"categories":[597,467,7541],"tags":[14646],"class_list":["post-102125","post","type-post","status-publish","format-standard","has-post-thumbnail","","category-cinta-de-noticias","category-siria-y-el-mundo","category-ultimas-noticias","tag-condecoran-a-antiguos-combatientes-cubanos-que-lucharon-junto-a-sus-hermanos-sirios-en-la-guerra-de-liberacion-de-octubre"],"_links":{"self":[{"href":"https:\/\/archive.sana.sy\/es\/index.php?rest_route=\/wp\/v2\/posts\/102125"}],"collection":[{"href":"https:\/\/archive.sana.sy\/es\/index.php?rest_route=\/wp\/v2\/posts"}],"about":[{"href":"https:\/\/archive.sana.sy\/es\/index.php?rest_route=\/wp\/v2\/types\/post"}],"author":[{"embeddable":true,"href":"https:\/\/archive.sana.sy\/es\/index.php?rest_route=\/wp\/v2\/users\/32"}],"replies":[{"embeddable":true,"href":"https:\/\/archive.sana.sy\/es\/index.php?rest_route=%2Fwp%2Fv2%2Fcomments&post=102125"}],"version-history":[{"count":0,"href":"https:\/\/archive.sana.sy\/es\/index.php?rest_route=\/wp\/v2\/posts\/102125\/revisions"}],"wp:featuredmedia":[{"embeddable":true,"href":"https:\/\/archive.sana.sy\/es\/index.php?rest_route=\/wp\/v2\/media\/102126"}],"wp:attachment":[{"href":"https:\/\/archive.sana.sy\/es\/index.php?rest_route=%2Fwp%2Fv2%2Fmedia&parent=102125"}],"wp:term":[{"taxonomy":"category","embeddable":true,"href":"https:\/\/archive.sana.sy\/es\/index.php?rest_route=%2Fwp%2Fv2%2Fcategories&post=102125"},{"taxonomy":"post_tag","embeddable":true,"href":"https:\/\/archive.sana.sy\/es\/index.php?rest_route=%2Fwp%2Fv2%2Ftags&post=102125"}],"curies":[{"name":"wp","href":"https:\/\/api.w.org\/{rel}","templated":true}]}}