{"id":102137,"date":"2019-03-10T12:16:35","date_gmt":"2019-03-10T10:16:35","guid":{"rendered":"https:\/\/sana.sy\/es\/?p=102137"},"modified":"2019-03-10T12:16:35","modified_gmt":"2019-03-10T10:16:35","slug":"zarif-la-region-se-enorgullece-de-la-resistencia-de-los-sirios-al-terrorismo","status":"publish","type":"post","link":"https:\/\/archive.sana.sy\/es\/?p=102137","title":{"rendered":"Zarif: La regi\u00f3n se enorgullece de la resistencia de los sirios al terrorismo"},"content":{"rendered":"<p style=\"text-align: justify;\"><span style=\"color: #800000;\">Bagdad, SANA<\/span><\/p>\n<p style=\"text-align: justify;\">El ministro de Exteriores iran\u00ed, Mohammad Javad Zarif, reiter\u00f3 el apoyo de su pa\u00eds a Siria e Irak en su enfrentamiento al terrorismo.<\/p>\n<p style=\"text-align: justify;\">&#8220;Nosotros estamos con los pueblos de la regi\u00f3n en Siria, Irak, L\u00edbano, Bahr\u00e9in, Yemen y Afganist\u00e1n, y no aceptaremos que los extranjeros gobiernen la regi\u00f3n&#8221;, dijo Zarif en una entrevista televisiva al margen de su visita a Bagdad.<\/p>\n<p style=\"text-align: justify;\">Consider\u00f3 que la lucha de Siria e Irak a los grupos terroristas es motivo de orgullo para toda la regi\u00f3n.<\/p>\n<p style=\"text-align: justify;\">El canciller iran\u00ed inst\u00f3 a todos los pueblos de la regi\u00f3n a apoyar a Siria, Irak, L\u00edbano y Yemen, y enfatiz\u00f3 que la seguridad de la regi\u00f3n est\u00e1 a cargo de sus pueblos y pa\u00edses.<\/p>\n<p style=\"text-align: justify;\">Indic\u00f3 que Ir\u00e1n no busc\u00f3 provocar discrepancias con ninguno de los pa\u00edses de la regi\u00f3n, pero hay pa\u00edses que apoyaron las organizaciones terroristas como el &#8220;Daesh&#8221; y otras agrupaciones radicales.<\/p>\n<p style=\"text-align: justify;\"><span style=\"color: #0000ff;\">F. Marouf\/ E. Dubian<\/span><\/p>\n","protected":false},"excerpt":{"rendered":"<p>Bagdad, SANA El ministro de Exteriores iran\u00ed, Mohammad Javad Zarif, reiter\u00f3 el apoyo de su pa\u00eds a Siria e Irak en su enfrentamiento al terrorismo. &#8220;Nosotros estamos con los pueblos de la regi\u00f3n en Siria, Irak, L\u00edbano, Bahr\u00e9in, Yemen y Afganist\u00e1n, y no aceptaremos que los extranjeros gobiernen la regi\u00f3n&#8221;, dijo Zarif en una entrevista &hellip;<\/p>\n","protected":false},"author":32,"featured_media":102138,"comment_status":"closed","ping_status":"closed","sticky":false,"template":"","format":"standard","meta":{"footnotes":""},"categories":[597,467,7541],"tags":[14648],"class_list":["post-102137","post","type-post","status-publish","format-standard","has-post-thumbnail","","category-cinta-de-noticias","category-siria-y-el-mundo","category-ultimas-noticias","tag-zarif-la-region-se-enorgullece-de-la-resistencia-de-los-sirios-al-terrorismo"],"_links":{"self":[{"href":"https:\/\/archive.sana.sy\/es\/index.php?rest_route=\/wp\/v2\/posts\/102137"}],"collection":[{"href":"https:\/\/archive.sana.sy\/es\/index.php?rest_route=\/wp\/v2\/posts"}],"about":[{"href":"https:\/\/archive.sana.sy\/es\/index.php?rest_route=\/wp\/v2\/types\/post"}],"author":[{"embeddable":true,"href":"https:\/\/archive.sana.sy\/es\/index.php?rest_route=\/wp\/v2\/users\/32"}],"replies":[{"embeddable":true,"href":"https:\/\/archive.sana.sy\/es\/index.php?rest_route=%2Fwp%2Fv2%2Fcomments&post=102137"}],"version-history":[{"count":0,"href":"https:\/\/archive.sana.sy\/es\/index.php?rest_route=\/wp\/v2\/posts\/102137\/revisions"}],"wp:featuredmedia":[{"embeddable":true,"href":"https:\/\/archive.sana.sy\/es\/index.php?rest_route=\/wp\/v2\/media\/102138"}],"wp:attachment":[{"href":"https:\/\/archive.sana.sy\/es\/index.php?rest_route=%2Fwp%2Fv2%2Fmedia&parent=102137"}],"wp:term":[{"taxonomy":"category","embeddable":true,"href":"https:\/\/archive.sana.sy\/es\/index.php?rest_route=%2Fwp%2Fv2%2Fcategories&post=102137"},{"taxonomy":"post_tag","embeddable":true,"href":"https:\/\/archive.sana.sy\/es\/index.php?rest_route=%2Fwp%2Fv2%2Ftags&post=102137"}],"curies":[{"name":"wp","href":"https:\/\/api.w.org\/{rel}","templated":true}]}}